{"id":16611,"date":"2026-01-30T15:53:32","date_gmt":"2026-01-30T15:53:32","guid":{"rendered":"https:\/\/arroyitoonline.com.ar\/?p=16611"},"modified":"2026-01-30T20:57:39","modified_gmt":"2026-01-30T20:57:39","slug":"tragedia-en-villa-concepcion-del-tio-un-joven-murio-arrollado-por-su-propio-camion","status":"publish","type":"post","link":"https:\/\/arroyitoonline.com.ar\/?p=16611","title":{"rendered":"Tragedia en Villa Concepci\u00f3n del T\u00edo: un joven muri\u00f3 arrollado por su propio cami\u00f3n"},"content":{"rendered":"<p><strong>Seg\u00fan el reporte del periodista Gabriel Ghione (Canal 4 de La Francia) para OK FM, la v\u00edctima es Alexander Scansela, de 33 a\u00f1os.<\/strong><\/p>\n<p>Un fatal accidente laboral ocurri\u00f3 este viernes, cerca de las 7 de la ma\u00f1ana, en la localidad de Villa Concepci\u00f3n del T\u00edo. Seg\u00fan el reporte del periodista Gabriel Ghione (Canal 4 de La Francia) para OK FM, la v\u00edctima es Alexandro Scansela, de 33 a\u00f1os, quien perdi\u00f3 la vida tras ser arrollado por su propio cami\u00f3n Mercedes Benz con batea.<\/p>\n<p>El episodio ocurri\u00f3 en el domicilio del joven. Por causas que se investigan, Scansela descendi\u00f3 de la unidad mientras el cami\u00f3n permanec\u00eda en marcha. En ese momento, el veh\u00edculo se desplaz\u00f3, lo arroll\u00f3 y le provoc\u00f3 la muerte de manera instant\u00e1nea.<\/p>\n<p>La noticia gener\u00f3 un profundo pesar en la regi\u00f3n. Alexander era una persona muy vinculada al \u00e1mbito deportivo: se destac\u00f3 en motociclismo, p\u00e1del y f\u00fatbol. En esta \u00faltima disciplina, integr\u00f3 las filas del Club 8 de Diciembre de Villa Concepci\u00f3n del T\u00edo y del Club Deportivo y Cultural Arroyito.<\/p>\n<p>En el lugar trabaj\u00f3 el servicio de emergencias y la polic\u00eda local. Se dio participaci\u00f3n a la Fiscal\u00eda de Feria de Las Varillas, a cargo de la Dra. Mar\u00eda Dupraz, que dispuso las actuaciones correspondientes para establecer la mec\u00e1nica del siniestro.<\/p>\n<p>Fuente: Gabriel Ghione para OK FM.<\/p>\n","protected":false},"excerpt":{"rendered":"<p>Seg\u00fan el reporte del periodista Gabriel Ghione (Canal 4 de La Francia) para OK FM, la v\u00edctima es Alexander Scansela,&hellip;<\/p>\n","protected":false},"author":3,"featured_media":16612,"comment_status":"closed","ping_status":"open","sticky":false,"template":"","format":"standard","meta":{"footnotes":""},"categories":[824],"tags":[22,66,67,836,1238,548,572,635,637,825,803],"class_list":["post-16611","post","type-post","status-publish","format-standard","has-post-thumbnail","hentry","category-policiales-online","tag-accidente","tag-arroyito","tag-arroyito-cordoba","tag-arroyito-online","tag-camiones","tag-muerte","tag-noticias-de-arroyito-y-zona","tag-policia","tag-policiales","tag-policiales-online","tag-villa-concepcion-del-tio"],"_links":{"self":[{"href":"https:\/\/arroyitoonline.com.ar\/index.php?rest_route=\/wp\/v2\/posts\/16611","targetHints":{"allow":["GET"]}}],"collection":[{"href":"https:\/\/arroyitoonline.com.ar\/index.php?rest_route=\/wp\/v2\/posts"}],"about":[{"href":"https:\/\/arroyitoonline.com.ar\/index.php?rest_route=\/wp\/v2\/types\/post"}],"author":[{"embeddable":true,"href":"https:\/\/arroyitoonline.com.ar\/index.php?rest_route=\/wp\/v2\/users\/3"}],"replies":[{"embeddable":true,"href":"https:\/\/arroyitoonline.com.ar\/index.php?rest_route=%2Fwp%2Fv2%2Fcomments&post=16611"}],"version-history":[{"count":2,"href":"https:\/\/arroyitoonline.com.ar\/index.php?rest_route=\/wp\/v2\/posts\/16611\/revisions"}],"predecessor-version":[{"id":16614,"href":"https:\/\/arroyitoonline.com.ar\/index.php?rest_route=\/wp\/v2\/posts\/16611\/revisions\/16614"}],"wp:featuredmedia":[{"embeddable":true,"href":"https:\/\/arroyitoonline.com.ar\/index.php?rest_route=\/wp\/v2\/media\/16612"}],"wp:attachment":[{"href":"https:\/\/arroyitoonline.com.ar\/index.php?rest_route=%2Fwp%2Fv2%2Fmedia&parent=16611"}],"wp:term":[{"taxonomy":"category","embeddable":true,"href":"https:\/\/arroyitoonline.com.ar\/index.php?rest_route=%2Fwp%2Fv2%2Fcategories&post=16611"},{"taxonomy":"post_tag","embeddable":true,"href":"https:\/\/arroyitoonline.com.ar\/index.php?rest_route=%2Fwp%2Fv2%2Ftags&post=16611"}],"curies":[{"name":"wp","href":"https:\/\/api.w.org\/{rel}","templated":true}]}}