{"id":16680,"date":"2026-03-03T21:44:32","date_gmt":"2026-03-03T21:44:32","guid":{"rendered":"https:\/\/arroyitoonline.com.ar\/?p=16680"},"modified":"2026-03-04T21:46:02","modified_gmt":"2026-03-04T21:46:02","slug":"apertura-de-sesiones-2026-benedetti-pondero-la-salud-publica-y-llamo-a-trabajar-con-la-camiseta-de-arroyito","status":"publish","type":"post","link":"https:\/\/arroyitoonline.com.ar\/?p=16680","title":{"rendered":"Apertura de Sesiones 2026: Benedetti ponder\u00f3 la salud p\u00fablica y llam\u00f3 a trabajar con &#8220;la camiseta de Arroyito&#8221;"},"content":{"rendered":"<p>En el marco del inicio del per\u00edodo de sesiones ordinarias 2026 del Concejo Deliberante, el intendente municipal Gustavo Benedetti habl\u00f3 durante 50 minutos, brind\u00f3 un balance detallado de la gesti\u00f3n 2025 y traz\u00f3 los ejes estrat\u00e9gicos para el presente a\u00f1o.<\/p>\n<p>Con un fuerte hincapi\u00e9 en la &#8220;camiseta de Arroyito&#8221; y la necesidad de priorizar el servicio a la comunidad por encima de las diferencias pol\u00edticas, el discurso se centr\u00f3 en la inversi\u00f3n social, la obra p\u00fablica y el fortalecimiento de la salud.<\/p>\n<p><strong>Infraestructura y conectividad<\/strong><\/p>\n<p>Uno de los puntos centrales del plan de obras para este a\u00f1o est\u00e1 vinculado al impacto de la Autov\u00eda de la Ruta Nacional N\u00ba 19. En este contexto, se confirm\u00f3 el avance de proyectos viales clave para la ciudad, que incluir\u00edan la pavimentaci\u00f3n de las avenidas Serra y Cura Brochero, obras fundamentales para ordenar el tr\u00e1nsito y potenciar la valorizaci\u00f3n de los sectores perif\u00e9ricos. Adem\u00e1s, el mandatario destac\u00f3:<\/p>\n<ul>\n<li>\n<p data-path-to-node=\"5,0,1\"><span data-path-to-node=\"5,0,1,0\"><b data-path-to-node=\"5,0,1,0\" data-index-in-node=\"0\"><span class=\"citation-44\">Vivienda y servicios<\/span><\/b><span class=\"citation-44\">: se completar\u00e1 el plan de 600 viviendas y se mantienen activos los frentes de cloacas y red de gas natural.<\/span><\/span><\/p>\n<div class=\"source-inline-chip-container ng-star-inserted\"><\/div>\n<\/li>\n<li>\n<p data-path-to-node=\"5,1,1\"><span data-path-to-node=\"5,1,1,0\"><b data-path-to-node=\"5,1,1,0\" data-index-in-node=\"0\"><span class=\"citation-43\">Saneamiento<\/span><\/b><span class=\"citation-43\">: se proyecta la ejecuci\u00f3n de una fosa para enterramiento sanitario en el basural, en trabajo conjunto con el Gobierno de la Provincia<\/span><\/span><span data-path-to-node=\"5,1,1,2\">.<\/span><\/p>\n<div class=\"source-inline-chip-container ng-star-inserted\"><\/div>\n<\/li>\n<li>\n<p id=\"p-rc_fdc36a116b63fa5c-29\" data-path-to-node=\"5,2,1\"><span data-path-to-node=\"5,2,1,0\"><b data-path-to-node=\"5,2,1,0\" data-index-in-node=\"0\"><span class=\"citation-42\">Modernizaci\u00f3n de la Terminal<\/span><\/b><span class=\"citation-42\">: se enviar\u00e1 al Concejo el concurso para la remodelaci\u00f3n de la Terminal de \u00d3mnibus para mejorar la &#8220;cara visible&#8221; de la ciudad.<\/span><\/span><\/p>\n<p>&nbsp;<\/li>\n<\/ul>\n<p><strong>Salud y Acci\u00f3n Social<\/strong><\/p>\n<p>El hospital municipal contin\u00faa siendo el pilar de la inversi\u00f3n p\u00fablica, con un presupuesto asignado de 2.500 millones de pesos para su funcionamiento. Durante 2025, el centro de salud super\u00f3 las 100.000 atenciones, mientras que se destaca el crecimiento en servicios de Salud Mental \u2014con 20 profesionales locales\u2014 y la operatividad del tom\u00f3grafo y ec\u00f3grafo. Como novedad, se anunci\u00f3 el an\u00e1lisis de un sistema de telemedicina para optimizar la atenci\u00f3n.<\/p>\n<p><strong>Transporte y econom\u00eda local<\/strong><\/p>\n<p>Ante el avance de las plataformas digitales, el Ejecutivo convoc\u00f3 a un consenso con el sector de taxis y remises para desarrollar una aplicaci\u00f3n propia de transporte (estilo Uber local) que proteja las fuentes de trabajo de las 70 familias vinculadas a la actividad. En materia econ\u00f3mica, se resalt\u00f3 que los 26.000 millones de pesos recaudados en 2025 regresaron a la ciudad en servicios, salarios y compras a proveedores locales. Para fomentar el sector tur\u00edstico, se enviar\u00e1 un proyecto de eximici\u00f3n impositiva para inversiones en caba\u00f1as y alojamientos para la zona de la Costanera.<\/p>\n","protected":false},"excerpt":{"rendered":"<p>En el marco del inicio del per\u00edodo de sesiones ordinarias 2026 del Concejo Deliberante, el intendente municipal Gustavo Benedetti habl\u00f3&hellip;<\/p>\n","protected":false},"author":3,"featured_media":16681,"comment_status":"closed","ping_status":"open","sticky":false,"template":"","format":"standard","meta":{"footnotes":""},"categories":[920],"tags":[66,67,836,115,227,404,405,1102,1177,556,572,578,640,706,732],"class_list":["post-16680","post","type-post","status-publish","format-standard","has-post-thumbnail","hentry","category-concejo-deliberante-online","tag-arroyito","tag-arroyito-cordoba","tag-arroyito-online","tag-benedetti","tag-concejo-deliberante","tag-gobierno-de-cordoba","tag-gobierno-de-la-provincia","tag-gobierno-municipal","tag-hospital-municipal-carlos-j-rodriguez","tag-municipalidad-de-arroyito","tag-noticias-de-arroyito-y-zona","tag-obras-publicas","tag-politica","tag-salud","tag-servicios-publicos"],"_links":{"self":[{"href":"https:\/\/arroyitoonline.com.ar\/index.php?rest_route=\/wp\/v2\/posts\/16680","targetHints":{"allow":["GET"]}}],"collection":[{"href":"https:\/\/arroyitoonline.com.ar\/index.php?rest_route=\/wp\/v2\/posts"}],"about":[{"href":"https:\/\/arroyitoonline.com.ar\/index.php?rest_route=\/wp\/v2\/types\/post"}],"author":[{"embeddable":true,"href":"https:\/\/arroyitoonline.com.ar\/index.php?rest_route=\/wp\/v2\/users\/3"}],"replies":[{"embeddable":true,"href":"https:\/\/arroyitoonline.com.ar\/index.php?rest_route=%2Fwp%2Fv2%2Fcomments&post=16680"}],"version-history":[{"count":2,"href":"https:\/\/arroyitoonline.com.ar\/index.php?rest_route=\/wp\/v2\/posts\/16680\/revisions"}],"predecessor-version":[{"id":16683,"href":"https:\/\/arroyitoonline.com.ar\/index.php?rest_route=\/wp\/v2\/posts\/16680\/revisions\/16683"}],"wp:featuredmedia":[{"embeddable":true,"href":"https:\/\/arroyitoonline.com.ar\/index.php?rest_route=\/wp\/v2\/media\/16681"}],"wp:attachment":[{"href":"https:\/\/arroyitoonline.com.ar\/index.php?rest_route=%2Fwp%2Fv2%2Fmedia&parent=16680"}],"wp:term":[{"taxonomy":"category","embeddable":true,"href":"https:\/\/arroyitoonline.com.ar\/index.php?rest_route=%2Fwp%2Fv2%2Fcategories&post=16680"},{"taxonomy":"post_tag","embeddable":true,"href":"https:\/\/arroyitoonline.com.ar\/index.php?rest_route=%2Fwp%2Fv2%2Ftags&post=16680"}],"curies":[{"name":"wp","href":"https:\/\/api.w.org\/{rel}","templated":true}]}}