{"id":17038,"date":"2026-08-31T22:21:01","date_gmt":"2026-08-31T22:21:01","guid":{"rendered":"https:\/\/arroyitoonline.com.ar\/?p=17038"},"modified":"2026-08-31T22:21:10","modified_gmt":"2026-08-31T22:21:10","slug":"arroyito-vivio-una-nueva-edicion-de-la-fiesta-de-las-infancias-junto-a-miles-de-familias","status":"publish","type":"post","link":"https:\/\/arroyitoonline.com.ar\/?p=17038","title":{"rendered":"Arroyito vivi\u00f3 una nueva edici\u00f3n de la Fiesta de las Infancias junto a miles de familias"},"content":{"rendered":"<p data-path-to-node=\"1\">La Plaza 25 de Mayo fue la sede de una nueva Fiesta de las Infancias. La celebraci\u00f3n se afianz\u00f3 como una pol\u00edtica de estado y como uno de los dos eventos m\u00e1s masivos del a\u00f1o en la ciudad, junto a la Fiesta Nacional de la Dulce Ciudad. La convocatoria reuni\u00f3 a familias de todos los barrios de Arroyito y de la zona, en lo que es la celebraci\u00f3n del mes de la ni\u00f1ez m\u00e1s grande de la regi\u00f3n.<\/p>\n<p data-path-to-node=\"2\">A lo largo del predio, distintas \u00e1reas del municipio, bajo la coordinaci\u00f3n de la Subsecretar\u00eda de Salud Comunitaria y Equidad, armaron puestos con juegos y propuestas recreativas. Sobre el escenario actu\u00f3 el Payaso Corchito y su Banda, antes del espect\u00e1culo central de Filito Show, que lleg\u00f3 desde Concepci\u00f3n (Tucum\u00e1n) con su despliegue de humor y m\u00fasica.<\/p>\n<p data-path-to-node=\"3\">Esta iniciativa municipal se concret\u00f3 incluso en pandemia, con una caravana adaptada al distanciamiento social y un sorteo televisado. En 2022, el festejo regres\u00f3 de forma presencial a la plaza con Pi\u00f1\u00f3n Fijo. En los a\u00f1os siguientes pasaron Sol y Jere Fijo (2023), Peque\u00f1o Pez (2024) y el regreso de Pi\u00f1\u00f3n Fijo (2025).<\/p>\n<p data-path-to-node=\"4\">Uno de los ejes centrales de la jornada fue el sorteo de bicicletas que aportaron la Municipalidad, empresas e instituciones locales. Entre las que se entregaron en las escuelas, mediante un concurso de dibujo, y las que se sortearon ayer, la cifra super\u00f3 los 80 rodados.<\/p>\n<p data-path-to-node=\"5\">Desde el gobierno de Benedetti sostienen la llegada de grandes artistas y el reparto de bicicletas como decisiones centrales de gesti\u00f3n. Cada bici representa una herramienta de juego, libertad, autonom\u00eda y movimiento para los ni\u00f1os y ni\u00f1as de Arroyito.<\/p>\n","protected":false},"excerpt":{"rendered":"<p>La Plaza 25 de Mayo fue la sede de una nueva Fiesta de las Infancias. La celebraci\u00f3n se afianz\u00f3 como&hellip;<\/p>\n","protected":false},"author":3,"featured_media":17039,"comment_status":"closed","ping_status":"open","sticky":false,"template":"","format":"standard","meta":{"footnotes":""},"categories":[962],"tags":[66,67,836,1494,1102,868,555,556,570,572,1471],"class_list":["post-17038","post","type-post","status-publish","format-standard","has-post-thumbnail","hentry","category-ninez-y-adolescencia","tag-arroyito","tag-arroyito-cordoba","tag-arroyito-online","tag-fiesta-de-las-infancias","tag-gobierno-municipal","tag-municipales-online","tag-municipalidad","tag-municipalidad-de-arroyito","tag-ninez","tag-noticias-de-arroyito-y-zona","tag-subsecretaria-de-salud-comunitaria-y-equidad"],"_links":{"self":[{"href":"https:\/\/arroyitoonline.com.ar\/index.php?rest_route=\/wp\/v2\/posts\/17038","targetHints":{"allow":["GET"]}}],"collection":[{"href":"https:\/\/arroyitoonline.com.ar\/index.php?rest_route=\/wp\/v2\/posts"}],"about":[{"href":"https:\/\/arroyitoonline.com.ar\/index.php?rest_route=\/wp\/v2\/types\/post"}],"author":[{"embeddable":true,"href":"https:\/\/arroyitoonline.com.ar\/index.php?rest_route=\/wp\/v2\/users\/3"}],"replies":[{"embeddable":true,"href":"https:\/\/arroyitoonline.com.ar\/index.php?rest_route=%2Fwp%2Fv2%2Fcomments&post=17038"}],"version-history":[{"count":1,"href":"https:\/\/arroyitoonline.com.ar\/index.php?rest_route=\/wp\/v2\/posts\/17038\/revisions"}],"predecessor-version":[{"id":17040,"href":"https:\/\/arroyitoonline.com.ar\/index.php?rest_route=\/wp\/v2\/posts\/17038\/revisions\/17040"}],"wp:featuredmedia":[{"embeddable":true,"href":"https:\/\/arroyitoonline.com.ar\/index.php?rest_route=\/wp\/v2\/media\/17039"}],"wp:attachment":[{"href":"https:\/\/arroyitoonline.com.ar\/index.php?rest_route=%2Fwp%2Fv2%2Fmedia&parent=17038"}],"wp:term":[{"taxonomy":"category","embeddable":true,"href":"https:\/\/arroyitoonline.com.ar\/index.php?rest_route=%2Fwp%2Fv2%2Fcategories&post=17038"},{"taxonomy":"post_tag","embeddable":true,"href":"https:\/\/arroyitoonline.com.ar\/index.php?rest_route=%2Fwp%2Fv2%2Ftags&post=17038"}],"curies":[{"name":"wp","href":"https:\/\/api.w.org\/{rel}","templated":true}]}}