{"id":1727,"date":"2019-01-31T20:02:25","date_gmt":"2019-01-31T20:02:25","guid":{"rendered":"http:\/\/arroyitoonline.com.ar\/?p=1727"},"modified":"2019-01-31T20:07:16","modified_gmt":"2019-01-31T20:07:16","slug":"dos-discos-de-joaquin-luduena-veran-la-luz-este-ano","status":"publish","type":"post","link":"https:\/\/arroyitoonline.com.ar\/?p=1727","title":{"rendered":"Dos discos de Joaqu\u00edn Ludue\u00f1a ver\u00e1n la luz este a\u00f1o"},"content":{"rendered":"\n<p><strong>El joven m\u00fasico despide su \u00f3pera prima, Sideral, anunciando que ya trabaja en sus sucesores. <\/strong><\/p>\n\n\n\n<p>El joven de Arroyito Joaqu\u00edn\nLudue\u00f1a (23) dio sus primeros pasos en la m\u00fasica cuando ten\u00eda 11 a\u00f1os, grabando\nalgunas maquetas y \u201cmasterizando\u201d, en forma l\u00fadica, canciones de la banda de su\npadre David, la emblem\u00e1tica&nbsp;<strong>R\u00edo Sagrado<\/strong>.<\/p>\n\n\n\n<p>Hoy Joaqu\u00edn es el cantante de&nbsp;<strong>Lisergia<\/strong>,\nun tr\u00edo experimental, pero siempre produjo y registr\u00f3 en paralelo, sus\ncomposiciones propias. Aficionado a la lectura, tambi\u00e9n cuenta con un blog de\nletras y m\u00fasica llamado&nbsp;<a href=\"http:\/\/elprimeroenmorir.blogspot.es\/\"><em>El\nprimero en morir<\/em><\/a>, que rinde homenaje a una canci\u00f3n de&nbsp;<strong>Morrissey<\/strong>.<\/p>\n\n\n\n<p><em>Sideral<\/em>, su disco debut\ncomo solista, cuenta con 15 temas trabajados por \u00e9l mismo, desde la composici\u00f3n\nhasta la masterizaci\u00f3n final. Todo ese proceso se desarroll\u00f3 entre febrero de\n2016 y marzo de 2017. M\u00e1s tarde, en septiembre de ese a\u00f1o, se public\u00f3 en\nformato f\u00edsico y digital.<\/p>\n\n\n\n<p>Ahora, hace unos d\u00edas, Ludue\u00f1a nos\ncoment\u00f3 que 2019 ser\u00e1 un a\u00f1o plagado de proyectos para \u00e9l. Tanto es as\u00ed que\neditar\u00e1 dos nuevos discos. El primer material, llamado Urbe, ya lo est\u00e1 grabando\ncon la coproducci\u00f3n de su pap\u00e1, David, y tiene fecha de salida para mitad de\na\u00f1o. Al segundo lo est\u00e1 produciendo con su colega Juli\u00e1n Rey, y ser\u00e1 grabado y\nlanzado a fin de a\u00f1o.<\/p>\n\n\n\n<p>\u201cPor eso estamos despidiendo a Sideral\u201d, cuenta Joaqu\u00edn, recordando que puede escucharse en todas las plataformas digitales:<\/p>\n\n\n\n<p>->YouTube\u00a0<br> <a rel=\"noreferrer noopener\" href=\"https:\/\/www.youtube.com\/watch?v=V9DJNPJVBSc&amp;t=32s&amp;fbclid=IwAR28jLXb1JuV86mZC09aeDlYmVy2Gjvf3_cc_Hii5fYfdUT6Tdzoqc7mA8c\" target=\"_blank\">https:\/\/www.youtube.com\/watch?v=V9DJNPJVBSc&amp;t=32s<\/a><br> ->Spotify<br> <a rel=\"noreferrer noopener\" href=\"https:\/\/open.spotify.com\/album\/7nAj1yxSVsa9iIfQo7bCez?fbclid=IwAR23gH-EZOy3Ktsifr73TeZpNmrNL423oEK72iCh7UOTfAFzy9Yl5ORdRdU\" target=\"_blank\">https:\/\/open.spotify.com\/album\/7nAj1yxSVsa9iIfQo7bCez<\/a><br> ->BandCamp<br> <a rel=\"noreferrer noopener\" href=\"https:\/\/joaquinluduena.bandcamp.com\/album\/sideral?fbclid=IwAR0r-arYygL7qparz7PEq8XGTKJY1cNyow71NZtL1egegHmLbt1GKVkRW40\" target=\"_blank\">https:\/\/joaquinluduena.bandcamp.com\/album\/sideral<\/a><br> ->Deezer\u00a0<br> <a rel=\"noreferrer noopener\" href=\"https:\/\/www.deezer.com\/en\/album\/48706192?fbclid=IwAR3MAQMdnEac1cbeLMCIh4lOw5GoWcVLz3hV3zWU_4SSyZ6AvtThky9B5Ao\" target=\"_blank\">https:\/\/www.deezer.com\/en\/album\/48706192<\/a><br> ->ITunes<br> <a rel=\"noreferrer noopener\" href=\"https:\/\/itunes.apple.com\/us\/album\/sideral\/1288076607?fbclid=IwAR0CJb1nPzo1nz8U-_d01-rakgssmfrQaWpRvfwZLv4Mp163rlHBUZQcw3o\" target=\"_blank\">https:\/\/itunes.apple.com\/us\/album\/sideral\/1288076607<\/a>\u00a0<\/p>\n\n\n\n<p><\/p>\n\n\n\n<p><\/p>\n","protected":false},"excerpt":{"rendered":"<p>El joven m\u00fasico despide su \u00f3pera prima, Sideral, anunciando que ya trabaja en sus sucesores. El joven de Arroyito Joaqu\u00edn&hellip;<\/p>\n","protected":false},"author":3,"featured_media":1732,"comment_status":"closed","ping_status":"open","sticky":false,"template":"","format":"standard","meta":{"footnotes":""},"categories":[826],"tags":[66,67,836,559,572],"class_list":["post-1727","post","type-post","status-publish","format-standard","has-post-thumbnail","hentry","category-espectaculos-online","tag-arroyito","tag-arroyito-cordoba","tag-arroyito-online","tag-musica","tag-noticias-de-arroyito-y-zona"],"_links":{"self":[{"href":"https:\/\/arroyitoonline.com.ar\/index.php?rest_route=\/wp\/v2\/posts\/1727","targetHints":{"allow":["GET"]}}],"collection":[{"href":"https:\/\/arroyitoonline.com.ar\/index.php?rest_route=\/wp\/v2\/posts"}],"about":[{"href":"https:\/\/arroyitoonline.com.ar\/index.php?rest_route=\/wp\/v2\/types\/post"}],"author":[{"embeddable":true,"href":"https:\/\/arroyitoonline.com.ar\/index.php?rest_route=\/wp\/v2\/users\/3"}],"replies":[{"embeddable":true,"href":"https:\/\/arroyitoonline.com.ar\/index.php?rest_route=%2Fwp%2Fv2%2Fcomments&post=1727"}],"version-history":[{"count":3,"href":"https:\/\/arroyitoonline.com.ar\/index.php?rest_route=\/wp\/v2\/posts\/1727\/revisions"}],"predecessor-version":[{"id":1737,"href":"https:\/\/arroyitoonline.com.ar\/index.php?rest_route=\/wp\/v2\/posts\/1727\/revisions\/1737"}],"wp:featuredmedia":[{"embeddable":true,"href":"https:\/\/arroyitoonline.com.ar\/index.php?rest_route=\/wp\/v2\/media\/1732"}],"wp:attachment":[{"href":"https:\/\/arroyitoonline.com.ar\/index.php?rest_route=%2Fwp%2Fv2%2Fmedia&parent=1727"}],"wp:term":[{"taxonomy":"category","embeddable":true,"href":"https:\/\/arroyitoonline.com.ar\/index.php?rest_route=%2Fwp%2Fv2%2Fcategories&post=1727"},{"taxonomy":"post_tag","embeddable":true,"href":"https:\/\/arroyitoonline.com.ar\/index.php?rest_route=%2Fwp%2Fv2%2Ftags&post=1727"}],"curies":[{"name":"wp","href":"https:\/\/api.w.org\/{rel}","templated":true}]}}