{"id":1742,"date":"2019-02-01T23:01:32","date_gmt":"2019-02-01T23:01:32","guid":{"rendered":"http:\/\/arroyitoonline.com.ar\/?p=1742"},"modified":"2019-02-01T23:01:33","modified_gmt":"2019-02-01T23:01:33","slug":"lafarina-fue-proclamado-por-cravero-como-su-precandidato","status":"publish","type":"post","link":"https:\/\/arroyitoonline.com.ar\/?p=1742","title":{"rendered":"Lafarina fue proclamado por Cravero como su precandidato"},"content":{"rendered":"\n<p><strong>El actual secretario municipal\nde Obras P\u00fablicas fue anunciado como el elegido del intendente por el sector\nque \u00e9l lidera.<\/strong><\/p>\n\n\n\n<p>En un acto donde militantes radicales y vecinos colmaron las\ninstalaciones del Sal\u00f3n de Abuelos de Arroyito, el intendente Mauricio Cravero\nanunci\u00f3 a Daniel Lafarina, como su precandidato, para darle continuidad a los\nlineamientos de su gesti\u00f3n. Fue el pasado mi\u00e9rcoles 30 de enero, en horas de la\nnoche. <\/p>\n\n\n\n<p>Lafarina, oriundo de San Francisco, es el actual secretario municipal de Obras P\u00fablicas y uno de los puntales de la gesti\u00f3n de Cravero, desde hace dos a\u00f1os, cuando asumi\u00f3 ese rol. Su proclamaci\u00f3n fue seguida con expectativa por los vecinos de Arroyito y por medios locales y de la regi\u00f3n.  Durante su primer discurso de campa\u00f1a, el ingeniero con pasado en la actividad privada del rubro de la construcci\u00f3n, hizo hincapi\u00e9 en el logro que significa la edificaci\u00f3n de <em>\u201cuna vivienda municipal por semana\u201d<\/em>. Adem\u00e1s, ponder\u00f3 la transparencia y rechaz\u00f3 los populismos. A la hora de responderles a aquellos que lo critican por no ser nacido en la ciudad dulce, no dud\u00f3 en aseverar que <em>\u201cyo soy de Arroyito\u201d<\/em>. <\/p>\n\n\n\n<figure class=\"wp-block-image\"><img loading=\"lazy\" decoding=\"async\" width=\"1024\" height=\"682\" src=\"http:\/\/arroyitoonline.com.ar\/wp-content\/uploads\/2019\/02\/lafarina-familia-1024x682.jpg\" alt=\"\" class=\"wp-image-1744\" srcset=\"https:\/\/arroyitoonline.com.ar\/wp-content\/uploads\/2019\/02\/lafarina-familia-1024x682.jpg 1024w, https:\/\/arroyitoonline.com.ar\/wp-content\/uploads\/2019\/02\/lafarina-familia-300x200.jpg 300w, https:\/\/arroyitoonline.com.ar\/wp-content\/uploads\/2019\/02\/lafarina-familia-768x512.jpg 768w, https:\/\/arroyitoonline.com.ar\/wp-content\/uploads\/2019\/02\/lafarina-familia.jpg 1280w\" sizes=\"auto, (max-width: 1024px) 100vw, 1024px\" \/><figcaption><em>Lafarina agradeci\u00f3 el apoyo &#8220;de mi compa\u00f1era de vida, Mariana&#8221; y sus dos hijas. <\/em><\/figcaption><\/figure>\n\n\n\n<p><strong>La selecci\u00f3n<\/strong><\/p>\n\n\n\n<p>En la ocasi\u00f3n, Cravero explic\u00f3 la modalidad de la selecci\u00f3n del precandidato. Eran tres los secretarios del Ejecutivo que pugnaban por ese lugar. La terna se completaba con Dellarossa, de Hacienda y Finanzas, y Cabello, de Gobierno. La elecci\u00f3n se produjo a trav\u00e9s de la realizaci\u00f3n de un sondeo de opini\u00f3n p\u00fablica encargado por los interesados. <\/p>\n\n\n\n<p>La encuesta tambi\u00e9n arroj\u00f3 otros datos. Por ejemplo, los consultados le dieron el visto bueno a la administraci\u00f3n craverista, en un 77,1%. No as\u00ed al presidente Macri. Las opciones regular (44,5%) y mala (25,9%), definiendo la performance del empresario en el m\u00e1ximo cargo nacional, sumaron casi un 70% de insatisfacci\u00f3n. <\/p>\n\n\n\n<p>Cravero tambi\u00e9n habl\u00f3 de los pormenores de la comunicaci\u00f3n\ndel resultado del sondeo. Antes de saberlos, los tres aspirantes firmaron un\nacta compromiso, a trav\u00e9s de la cual todos respetaban los resultados. <\/p>\n\n\n\n<p>Cabe destacar que, ni el jefe municipal ni su funcionario, cerraron la puerta a las negociaciones con los otros cuatro referentes radicales que aspiran a la intendencia. Incluso Mauricio expres\u00f3 que agotar\u00e1 sus recursos en pos de que se evite la interna. <\/p>\n","protected":false},"excerpt":{"rendered":"<p>El actual secretario municipal de Obras P\u00fablicas fue anunciado como el elegido del intendente por el sector que \u00e9l lidera.&hellip;<\/p>\n","protected":false},"author":3,"featured_media":1743,"comment_status":"closed","ping_status":"open","sticky":false,"template":"","format":"standard","meta":{"footnotes":""},"categories":[8],"tags":[13,66,67,836,253,318,455,837,527,640,783],"class_list":["post-1742","post","type-post","status-publish","format-standard","has-post-thumbnail","hentry","category-politica","tag-13","tag-arroyito","tag-arroyito-cordoba","tag-arroyito-online","tag-cravero","tag-elecciones","tag-intendentes-radicales","tag-lafarina","tag-mauricio-cravero","tag-politica","tag-union-civica-radical"],"_links":{"self":[{"href":"https:\/\/arroyitoonline.com.ar\/index.php?rest_route=\/wp\/v2\/posts\/1742","targetHints":{"allow":["GET"]}}],"collection":[{"href":"https:\/\/arroyitoonline.com.ar\/index.php?rest_route=\/wp\/v2\/posts"}],"about":[{"href":"https:\/\/arroyitoonline.com.ar\/index.php?rest_route=\/wp\/v2\/types\/post"}],"author":[{"embeddable":true,"href":"https:\/\/arroyitoonline.com.ar\/index.php?rest_route=\/wp\/v2\/users\/3"}],"replies":[{"embeddable":true,"href":"https:\/\/arroyitoonline.com.ar\/index.php?rest_route=%2Fwp%2Fv2%2Fcomments&post=1742"}],"version-history":[{"count":1,"href":"https:\/\/arroyitoonline.com.ar\/index.php?rest_route=\/wp\/v2\/posts\/1742\/revisions"}],"predecessor-version":[{"id":1745,"href":"https:\/\/arroyitoonline.com.ar\/index.php?rest_route=\/wp\/v2\/posts\/1742\/revisions\/1745"}],"wp:featuredmedia":[{"embeddable":true,"href":"https:\/\/arroyitoonline.com.ar\/index.php?rest_route=\/wp\/v2\/media\/1743"}],"wp:attachment":[{"href":"https:\/\/arroyitoonline.com.ar\/index.php?rest_route=%2Fwp%2Fv2%2Fmedia&parent=1742"}],"wp:term":[{"taxonomy":"category","embeddable":true,"href":"https:\/\/arroyitoonline.com.ar\/index.php?rest_route=%2Fwp%2Fv2%2Fcategories&post=1742"},{"taxonomy":"post_tag","embeddable":true,"href":"https:\/\/arroyitoonline.com.ar\/index.php?rest_route=%2Fwp%2Fv2%2Ftags&post=1742"}],"curies":[{"name":"wp","href":"https:\/\/api.w.org\/{rel}","templated":true}]}}