{"id":1783,"date":"2019-02-02T02:01:40","date_gmt":"2019-02-02T02:01:40","guid":{"rendered":"http:\/\/arroyitoonline.com.ar\/?p=1783"},"modified":"2019-02-04T02:02:18","modified_gmt":"2019-02-04T02:02:18","slug":"intendentes-peronistas-confirmaron-las-elecciones-municipales-para-el-12-de-mayo","status":"publish","type":"post","link":"https:\/\/arroyitoonline.com.ar\/?p=1783","title":{"rendered":"Intendentes peronistas confirmaron las elecciones municipales para el 12 de mayo"},"content":{"rendered":"\n<p><strong>En conferencia de\nprensa brindaron apoyo a la gesti\u00f3n provincial y plegaron los comicios locales\na los provinciales. <\/strong><\/p>\n\n\n\n<p>El jueves pasado, en la localidad de El T\u00edo, y a trav\u00e9s de\nuna conferencia de prensa, los intendentes pertenecientes al Partido\nJusticialista confirmaron la fecha de elecciones municipales para el 12 de\nmayo, en concordancia con las de la provincia. <\/p>\n\n\n\n<p>Del anuncio participaron Fernando R. Rossi (El T\u00edo), Mar\u00eda\nFernanda Grimaldi (La Francia), Daniel Peltzer (Devoto), Norberto Magni\n(Colonia Marina), Jos\u00e9 Benvenutto (Colonia Marina), David Mercado (Villa\nConcepci\u00f3n), Horacio Salvai (Quebrado Herrado), Marcelo Ciancia (La Tordilla) y\nJorge Arroyo (El Ara\u00f1ado).<\/p>\n\n\n\n<p>Adem\u00e1s se sumaron los municipios de Tr\u00e1nsito, Las Varas y Las\nVarillas que, por diferentes motivos, no estuvieron presentes. \n\nEl jefe municipal anfitri\u00f3n, Fernando Rossi, ratific\u00f3\nsu reelecci\u00f3n para un nuevo per\u00edodo de gobierno y reconoci\u00f3 <em>\u201cla excelente gesti\u00f3n de los municipios de\nUPC que han contado con el apoyo permanente del Gobernador, Juan Schiaretti\u201d<\/em>.\n\n\n\n<\/p>\n","protected":false},"excerpt":{"rendered":"<p>En conferencia de prensa brindaron apoyo a la gesti\u00f3n provincial y plegaron los comicios locales a los provinciales. El jueves&hellip;<\/p>\n","protected":false},"author":3,"featured_media":1784,"comment_status":"closed","ping_status":"open","sticky":false,"template":"","format":"standard","meta":{"footnotes":""},"categories":[8],"tags":[316,318,555,572,640,698,701,717,784],"class_list":["post-1783","post","type-post","status-publish","format-standard","has-post-thumbnail","hentry","category-politica","tag-el-tio","tag-elecciones","tag-municipalidad","tag-noticias-de-arroyito-y-zona","tag-politica","tag-ruta-19","tag-ruta-nacional-n-19","tag-schiaretti","tag-union-por-cordoba"],"_links":{"self":[{"href":"https:\/\/arroyitoonline.com.ar\/index.php?rest_route=\/wp\/v2\/posts\/1783","targetHints":{"allow":["GET"]}}],"collection":[{"href":"https:\/\/arroyitoonline.com.ar\/index.php?rest_route=\/wp\/v2\/posts"}],"about":[{"href":"https:\/\/arroyitoonline.com.ar\/index.php?rest_route=\/wp\/v2\/types\/post"}],"author":[{"embeddable":true,"href":"https:\/\/arroyitoonline.com.ar\/index.php?rest_route=\/wp\/v2\/users\/3"}],"replies":[{"embeddable":true,"href":"https:\/\/arroyitoonline.com.ar\/index.php?rest_route=%2Fwp%2Fv2%2Fcomments&post=1783"}],"version-history":[{"count":1,"href":"https:\/\/arroyitoonline.com.ar\/index.php?rest_route=\/wp\/v2\/posts\/1783\/revisions"}],"predecessor-version":[{"id":1785,"href":"https:\/\/arroyitoonline.com.ar\/index.php?rest_route=\/wp\/v2\/posts\/1783\/revisions\/1785"}],"wp:featuredmedia":[{"embeddable":true,"href":"https:\/\/arroyitoonline.com.ar\/index.php?rest_route=\/wp\/v2\/media\/1784"}],"wp:attachment":[{"href":"https:\/\/arroyitoonline.com.ar\/index.php?rest_route=%2Fwp%2Fv2%2Fmedia&parent=1783"}],"wp:term":[{"taxonomy":"category","embeddable":true,"href":"https:\/\/arroyitoonline.com.ar\/index.php?rest_route=%2Fwp%2Fv2%2Fcategories&post=1783"},{"taxonomy":"post_tag","embeddable":true,"href":"https:\/\/arroyitoonline.com.ar\/index.php?rest_route=%2Fwp%2Fv2%2Ftags&post=1783"}],"curies":[{"name":"wp","href":"https:\/\/api.w.org\/{rel}","templated":true}]}}