{"id":1786,"date":"2019-02-04T02:22:51","date_gmt":"2019-02-04T02:22:51","guid":{"rendered":"http:\/\/arroyitoonline.com.ar\/?p=1786"},"modified":"2019-02-04T02:24:21","modified_gmt":"2019-02-04T02:24:21","slug":"martin-llaryora-sera-el-candidato-a-intendente-de-la-capital-provincial-por-union-por-cordoba","status":"publish","type":"post","link":"https:\/\/arroyitoonline.com.ar\/?p=1786","title":{"rendered":"Mart\u00edn Llaryora ser\u00e1 el candidato a intendente de la capital provincial por Uni\u00f3n por C\u00f3rdoba"},"content":{"rendered":"\n<p><strong>La docta elegir\u00e1 al sucesor de Ram\u00f3n J. Mestre el mismo d\u00eda que ser\u00e1n los sufragios para gobernador: el 12 de mayo. <\/strong><\/p>\n\n\n\n<p><strong>*Por Emiliano Costanzo<\/strong><\/p>\n\n\n\n<p>Sabido es que\n2019 es un a\u00f1o electoral, en el cual los ciudadanos como integrantes de una\nsociedad con sistema democr\u00e1tico tendremos el derecho (y el deber) de elegir a\nnuestros representantes en los \u00e1mbitos municipal, provincial y nacional, tanto\nen el Poder Ejecutivo como en el Legislativo.<\/p>\n\n\n\n<p>De este modo,\nlos distintos partidos pol\u00edticos est\u00e1n comenzando a acomodar las fichas\ninternamente y exteriorizando qui\u00e9nes ser\u00e1n sus candidatos. <\/p>\n\n\n\n<p>Centr\u00e1ndonos en\nel \u00e1mbito provincial, mientras Cambiemos dirimirir\u00eda sus candidatos en una votaci\u00f3n\nInterna, en Uni\u00f3n por C\u00f3rdoba ya los tienen decididos: Juan Schiaretti buscar\u00e1\nla reelecci\u00f3n como gobernador y Mart\u00edn Llaryora se postular\u00e1 para ser elegido intendente\nde la ciudad de C\u00f3rdoba.<\/p>\n\n\n\n<p>La capital provincial elegir\u00e1 al sucesor de Ram\u00f3n J. Mestre el mismo d\u00eda que ser\u00e1n los sufragios para gobernador: el 12 de mayo.<\/p>\n\n\n\n<p>El actual diputado\nnacional y vicegobernador en uso de licencia buscar\u00e1 convertirse en el segundo sanfrancisque\u00f1o\nen ocupar el sill\u00f3n en el Palacio 6 de Julio (Municipalidad de C\u00f3rdoba), luego\nde que Daniel Giacomino, oriundo de esa ciudad tambi\u00e9n, lo fuera en el per\u00edodo\n2007-2011. <\/p>\n\n\n\n<p>Si bien a\u00fan no\nfue la presentaci\u00f3n oficial, el nombre de Mart\u00edn Llaryora ya trascendi\u00f3 en\ndiversas reuniones de Juventud y de dirigentes que acompa\u00f1ar\u00edan su candidatura.\nAdem\u00e1s, el diputado se ha mostrado p\u00fablicamente en actos de gobierno recorriendo\nla capital, y muchos precandidatos que pretend\u00edan ocupar ese lugar ya declinaron\nsu postulaci\u00f3n, para apoyarlo y conformar una propuesta electoral s\u00f3lida desde Uni\u00f3n\npor C\u00f3rdoba. <\/p>\n\n\n\n<p>A pesar de que\nla intendencia de la ciudad de C\u00f3rdoba hace m\u00e1s de 40 a\u00f1os le viene siendo\nesquiva al peronismo,el actual escenario pareciera ser otro, y existen altas\nexpectativas en el seno del partido que viene gobernando la provincia desde\nhace 20 a\u00f1os, de poder ganar en la capital.<\/p>\n\n\n\n<p>En palabras de\nquien ser\u00e1 Jefe de la campa\u00f1a, el diputado Nacional Paulo Cassinerio, sus ejes ser\u00e1n\ntres:<\/p>\n\n\n\n<ol class=\"wp-block-list\"><li>La capacidad de gesti\u00f3n que demostr\u00f3\nLlaryora al frente de la Municipalidad de San Francisco, construyendo uno de\nlos polos industriales y educativos m\u00e1s grandes del pa\u00eds, y dejando las cuentas\nfiscales saneadas, ya que cuando asumi\u00f3 en 2007 ten\u00eda un d\u00e9ficit de cinco\npresupuestos en contra que arrastraba la gesti\u00f3n anterior.<\/li><li>La falta de planificaci\u00f3n, que\nha convertido a C\u00f3rdoba en la \u201cCapital del abandono\u201d, donde se ven cloacas\nrebalsadas, calles inundadas, con muchos baches, transporte p\u00fablico ineficiente\ny muy caro, entre otras falencias.<\/li><li>Relaci\u00f3n Provincia\u2013Municipio,\nproyectando que Schiaretti ser\u00eda reelecto, siendo muy ventajoso para la ciudad\nque haya una relaci\u00f3n fluida entre el gobernador y el intendente.<\/li><\/ol>\n\n\n\n<p>Entre las\ncr\u00edticas se escuch\u00f3 el hecho de que Llaryora no sea nativo de la ciudad de\nC\u00f3rdoba, pero quedaron refutadas con el argumento de que cumple con los cuatro\na\u00f1os de residencia que exige la Carta Org\u00e1nica Municipal, y que adem\u00e1s C\u00f3rdoba\nha tenido Intendentes oriundos, incluso, de otras provincias, como Germ\u00e1n Kammerath\n(La Rioja) o Ram\u00f3n B. Mestre (San Juan).<\/p>\n\n\n\n<p>En fin, muchas\nser\u00e1n las especulaciones que se har\u00e1n, promesas, cr\u00edticas y acusaciones durante\neste a\u00f1o electoral. Es muy importante que los ciudadanos podamos discernir la\ninformaci\u00f3n valiosa y certera de la que no lo es, para poder elegir a quien\nmejor nos represente y gobierne. Un paso clave en ese sentido es que se\nempiecen a dilucidar quienes ser\u00e1n los candidatos para que podamos ir evaluando\ny decidiendo el voto. Uni\u00f3n por C\u00f3rdoba ya tiene candidato para la Capital:\nMart\u00edn Llaryora.<\/p>\n\n\n\n<p>Contador P\u00fablico Nacional <strong>Emiliano Costanzo<\/strong>, miembro de <strong>Grupo Ergo<\/strong>. <\/p>\n\n\n\n<p>GRUPO ERGO est\u00e1 formado por un conjunto de j\u00f3venes profesionales que constituyen un equipo t\u00e9cnico multidisciplinario para el estudio y dise\u00f1o de pol\u00edticas p\u00fablicas y de acciones en redes y medios digitales basados en investigaci\u00f3n de Humor Social y criterios de Comunicaci\u00f3n Pol\u00edtica. <\/p>\n\n\n\n<p>Foto: La Voz. <\/p>\n","protected":false},"excerpt":{"rendered":"<p>La docta elegir\u00e1 al sucesor de Ram\u00f3n J. Mestre el mismo d\u00eda que ser\u00e1n los sufragios para gobernador: el 12&hellip;<\/p>\n","protected":false},"author":3,"featured_media":1787,"comment_status":"closed","ping_status":"open","sticky":false,"template":"","format":"standard","meta":{"footnotes":""},"categories":[8],"tags":[244,841,318,500,555,572,842],"class_list":["post-1786","post","type-post","status-publish","format-standard","has-post-thumbnail","hentry","category-politica","tag-cordoba","tag-diputado","tag-elecciones","tag-llaryora","tag-municipalidad","tag-noticias-de-arroyito-y-zona","tag-vicegobernador"],"_links":{"self":[{"href":"https:\/\/arroyitoonline.com.ar\/index.php?rest_route=\/wp\/v2\/posts\/1786","targetHints":{"allow":["GET"]}}],"collection":[{"href":"https:\/\/arroyitoonline.com.ar\/index.php?rest_route=\/wp\/v2\/posts"}],"about":[{"href":"https:\/\/arroyitoonline.com.ar\/index.php?rest_route=\/wp\/v2\/types\/post"}],"author":[{"embeddable":true,"href":"https:\/\/arroyitoonline.com.ar\/index.php?rest_route=\/wp\/v2\/users\/3"}],"replies":[{"embeddable":true,"href":"https:\/\/arroyitoonline.com.ar\/index.php?rest_route=%2Fwp%2Fv2%2Fcomments&post=1786"}],"version-history":[{"count":3,"href":"https:\/\/arroyitoonline.com.ar\/index.php?rest_route=\/wp\/v2\/posts\/1786\/revisions"}],"predecessor-version":[{"id":1790,"href":"https:\/\/arroyitoonline.com.ar\/index.php?rest_route=\/wp\/v2\/posts\/1786\/revisions\/1790"}],"wp:featuredmedia":[{"embeddable":true,"href":"https:\/\/arroyitoonline.com.ar\/index.php?rest_route=\/wp\/v2\/media\/1787"}],"wp:attachment":[{"href":"https:\/\/arroyitoonline.com.ar\/index.php?rest_route=%2Fwp%2Fv2%2Fmedia&parent=1786"}],"wp:term":[{"taxonomy":"category","embeddable":true,"href":"https:\/\/arroyitoonline.com.ar\/index.php?rest_route=%2Fwp%2Fv2%2Fcategories&post=1786"},{"taxonomy":"post_tag","embeddable":true,"href":"https:\/\/arroyitoonline.com.ar\/index.php?rest_route=%2Fwp%2Fv2%2Ftags&post=1786"}],"curies":[{"name":"wp","href":"https:\/\/api.w.org\/{rel}","templated":true}]}}