{"id":1791,"date":"2019-02-04T02:44:38","date_gmt":"2019-02-04T02:44:38","guid":{"rendered":"http:\/\/arroyitoonline.com.ar\/?p=1791"},"modified":"2019-02-04T02:44:39","modified_gmt":"2019-02-04T02:44:39","slug":"seis-jovenes-ingresaron-a-la-casa-del-estudiante-de-arroyito","status":"publish","type":"post","link":"https:\/\/arroyitoonline.com.ar\/?p=1791","title":{"rendered":"Seis j\u00f3venes ingresaron a la Casa del Estudiante de Arroyito"},"content":{"rendered":"\n<p><strong>El espacio, con capacidad para 12 estudiantes, se encuentra ubicado en la ciudad de C\u00f3rdoba. <\/strong><\/p>\n\n\n\n<p>D\u00edas pasados el intendente y la viceintendente les dieron la\nbienvenida a seis nuevos j\u00f3venes que vivir\u00e1n en la Casa del Estudiante de\nArroyito.<\/p>\n\n\n\n<p>En el a\u00f1o 2008 se cre\u00f3, a trav\u00e9s de Ordenanza N\u00b0 1.267\/2.008 cuya\nart\u00edfice fue la concejala Edith Casalis, la CEA en C\u00f3rdoba. Este espacio fue ideado\npara que proporcione un lugar donde, j\u00f3venes de nuestra ciudad, puedan\ncompletar sus estudios y formaci\u00f3n profesional. Aspira a que los residentes residan\nen un ambiente de vida familiar donde todos se sientan a gusto y se respeten.<\/p>\n\n\n\n<p>La Casa cuenta con un capacidad de 12 estudiantes (seis masculinos\ny seis femeninos, con cocina, heladera, horno microondas, televisor, tel\u00e9fono,\ncomputadora, impresora, luces de emergencia, calef\u00f3n, ventilador, vajilla y\nservicio de emergencias.<\/p>\n\n\n\n<p>El pasado viernes, Cravero y seis alumnos firmaron el contrato para su ingreso a la casa, desde el 1 de febrero. <\/p>\n\n\n\n<p>Fuente: Prensa Municipal. <\/p>\n","protected":false},"excerpt":{"rendered":"<p>El espacio, con capacidad para 12 estudiantes, se encuentra ubicado en la ciudad de C\u00f3rdoba. D\u00edas pasados el intendente y&hellip;<\/p>\n","protected":false},"author":3,"featured_media":1792,"comment_status":"closed","ping_status":"open","sticky":false,"template":"","format":"standard","meta":{"footnotes":""},"categories":[830,829],"tags":[244,253,310,454,527,555,556,572],"class_list":["post-1791","post","type-post","status-publish","format-standard","has-post-thumbnail","hentry","category-educacion-online","category-municipales-online","tag-cordoba","tag-cravero","tag-educacion","tag-intendente","tag-mauricio-cravero","tag-municipalidad","tag-municipalidad-de-arroyito","tag-noticias-de-arroyito-y-zona"],"_links":{"self":[{"href":"https:\/\/arroyitoonline.com.ar\/index.php?rest_route=\/wp\/v2\/posts\/1791","targetHints":{"allow":["GET"]}}],"collection":[{"href":"https:\/\/arroyitoonline.com.ar\/index.php?rest_route=\/wp\/v2\/posts"}],"about":[{"href":"https:\/\/arroyitoonline.com.ar\/index.php?rest_route=\/wp\/v2\/types\/post"}],"author":[{"embeddable":true,"href":"https:\/\/arroyitoonline.com.ar\/index.php?rest_route=\/wp\/v2\/users\/3"}],"replies":[{"embeddable":true,"href":"https:\/\/arroyitoonline.com.ar\/index.php?rest_route=%2Fwp%2Fv2%2Fcomments&post=1791"}],"version-history":[{"count":1,"href":"https:\/\/arroyitoonline.com.ar\/index.php?rest_route=\/wp\/v2\/posts\/1791\/revisions"}],"predecessor-version":[{"id":1793,"href":"https:\/\/arroyitoonline.com.ar\/index.php?rest_route=\/wp\/v2\/posts\/1791\/revisions\/1793"}],"wp:featuredmedia":[{"embeddable":true,"href":"https:\/\/arroyitoonline.com.ar\/index.php?rest_route=\/wp\/v2\/media\/1792"}],"wp:attachment":[{"href":"https:\/\/arroyitoonline.com.ar\/index.php?rest_route=%2Fwp%2Fv2%2Fmedia&parent=1791"}],"wp:term":[{"taxonomy":"category","embeddable":true,"href":"https:\/\/arroyitoonline.com.ar\/index.php?rest_route=%2Fwp%2Fv2%2Fcategories&post=1791"},{"taxonomy":"post_tag","embeddable":true,"href":"https:\/\/arroyitoonline.com.ar\/index.php?rest_route=%2Fwp%2Fv2%2Ftags&post=1791"}],"curies":[{"name":"wp","href":"https:\/\/api.w.org\/{rel}","templated":true}]}}