{"id":1820,"date":"2019-02-04T21:26:01","date_gmt":"2019-02-04T21:26:01","guid":{"rendered":"http:\/\/arroyitoonline.com.ar\/?p=1820"},"modified":"2019-02-05T11:12:57","modified_gmt":"2019-02-05T11:12:57","slug":"miramar-o-el-mar-caribe","status":"publish","type":"post","link":"https:\/\/arroyitoonline.com.ar\/?p=1820","title":{"rendered":"\u00bfMiramar o el Mar Caribe?"},"content":{"rendered":"\n<p><strong>Ayer, el Mar de Ansenuza luci\u00f3 un color poco usual, que desat\u00f3 todo tipo de comentarios en las redes sociales. La explicaci\u00f3n, a trav\u00e9s de cordobes.com.<\/strong><\/p>\n\n\n\n<p>En la ma\u00f1ana de este domingo 3 de febrero, seg\u00fan publica cordobes.com, el Mar de Ansenuza present\u00f3 un color inusual y casi desconocido para muchos de los turistas que arribaban a las playas de Miramar. <\/p>\n\n\n\n<p>Un verde intenso, muy similar a algunas zonas del Mar Caribe \u2013aunque menos trasl\u00facido- se percib\u00eda en una gran extensi\u00f3n de la costa, con un cielo azul profundo.<\/p>\n\n\n\n<figure class=\"wp-block-image\"><img decoding=\"async\" src=\"https:\/\/scontent.fcor3-1.fna.fbcdn.net\/v\/t1.0-9\/p720x720\/51290691_2355959684631919_5945682755823075328_n.jpg?_nc_cat=104&amp;_nc_ht=scontent.fcor3-1.fna&amp;oh=35fda6ac365bd1542e1578b0b54a8a9e&amp;oe=5CB414FC\" alt=\"\"\/><figcaption> <em>Foto sin filtro tomada ayer por Alejandra Iturraspe. <\/em><\/figcaption><\/figure>\n\n\n\n<p>Este fen\u00f3meno, fue fotografiado de manera intensa por los visitantes y, algunas de las im\u00e1genes que lograron, fueron posteadas en las redes sociales. Las fotos reflejan una situaci\u00f3n rara para Miramar, que en general posee una coloraci\u00f3n con menor intensidad de los tonos, debido a la salinidad que solo permite una absorci\u00f3n selectiva de la luz y que presenta colores verdosos oscuros y \u2013dependiendo de la incidencia del sol- azules amarronados.<\/p>\n\n\n\n<p>En esta oportunidad el Mar de Ansenuza parec\u00eda arroparse con una vestimenta de domingo y el verde caribe\u00f1o, en contraste con un cielo l\u00edmpido y azul para transportarnos a remotos lugares  del Mar Caribe, como San Andr\u00e9s Islas o Isla Mujeres. Las fotos comenzaron a viralizarse entre los usuarios de las redes sociales y lo inusual del fen\u00f3meno, desat\u00f3 una serie de comentarios. <\/p>\n\n\n\n<p>Algunos ponderaban la situaci\u00f3n y otros comentaban con iron\u00eda, que se les hab\u00eda ido la mano con el PhotoShop. La realidad fue que este domingo 3 de febrero el Mar de Ansenuza regal\u00f3 una imagen poco com\u00fan, con un verde casi esmeralda, permitiendo que una gran cantidad de turistas, perciban un particular y colorido paisaje del mar cordob\u00e9s.<\/p>\n\n\n\n<p>Fuente: cordobes.com.<\/p>\n\n\n\n<p>Foto de portada: <a href=\"https:\/\/www.facebook.com\/turismomiramardeansenuza\/?eid=ARAZL3sDsykSmYIoN2dkWZoIi97PBR1bNnJYaSYL0RKWXNxlMxIm5v_RENvQS9oZRexQWx9WDxfopv7s\">Turismo Miramar de Ansenuza<\/a>. <\/p>\n","protected":false},"excerpt":{"rendered":"<p>Ayer, el Mar de Ansenuza luci\u00f3 un color poco usual, que desat\u00f3 todo tipo de comentarios en las redes sociales.&hellip;<\/p>\n","protected":false},"author":3,"featured_media":1821,"comment_status":"closed","ping_status":"open","sticky":false,"template":"","format":"standard","meta":{"footnotes":""},"categories":[845],"tags":[836,846,538,572,847,776,777,788],"class_list":["post-1820","post","type-post","status-publish","format-standard","has-post-thumbnail","hentry","category-regionales-online","tag-arroyito-online","tag-mar-de-ansenuza","tag-miramar","tag-noticias-de-arroyito-y-zona","tag-regionales-online","tag-turismo","tag-turista","tag-vacaciones"],"_links":{"self":[{"href":"https:\/\/arroyitoonline.com.ar\/index.php?rest_route=\/wp\/v2\/posts\/1820","targetHints":{"allow":["GET"]}}],"collection":[{"href":"https:\/\/arroyitoonline.com.ar\/index.php?rest_route=\/wp\/v2\/posts"}],"about":[{"href":"https:\/\/arroyitoonline.com.ar\/index.php?rest_route=\/wp\/v2\/types\/post"}],"author":[{"embeddable":true,"href":"https:\/\/arroyitoonline.com.ar\/index.php?rest_route=\/wp\/v2\/users\/3"}],"replies":[{"embeddable":true,"href":"https:\/\/arroyitoonline.com.ar\/index.php?rest_route=%2Fwp%2Fv2%2Fcomments&post=1820"}],"version-history":[{"count":2,"href":"https:\/\/arroyitoonline.com.ar\/index.php?rest_route=\/wp\/v2\/posts\/1820\/revisions"}],"predecessor-version":[{"id":1826,"href":"https:\/\/arroyitoonline.com.ar\/index.php?rest_route=\/wp\/v2\/posts\/1820\/revisions\/1826"}],"wp:featuredmedia":[{"embeddable":true,"href":"https:\/\/arroyitoonline.com.ar\/index.php?rest_route=\/wp\/v2\/media\/1821"}],"wp:attachment":[{"href":"https:\/\/arroyitoonline.com.ar\/index.php?rest_route=%2Fwp%2Fv2%2Fmedia&parent=1820"}],"wp:term":[{"taxonomy":"category","embeddable":true,"href":"https:\/\/arroyitoonline.com.ar\/index.php?rest_route=%2Fwp%2Fv2%2Fcategories&post=1820"},{"taxonomy":"post_tag","embeddable":true,"href":"https:\/\/arroyitoonline.com.ar\/index.php?rest_route=%2Fwp%2Fv2%2Ftags&post=1820"}],"curies":[{"name":"wp","href":"https:\/\/api.w.org\/{rel}","templated":true}]}}