{"id":1904,"date":"2019-02-07T15:49:36","date_gmt":"2019-02-07T15:49:36","guid":{"rendered":"http:\/\/arroyitoonline.com.ar\/?p=1904"},"modified":"2019-02-07T15:49:37","modified_gmt":"2019-02-07T15:49:37","slug":"cravero-entrego-el-premio-carlos-2019-al-espectaculo-tango-corrupto","status":"publish","type":"post","link":"https:\/\/arroyitoonline.com.ar\/?p=1904","title":{"rendered":"Cravero entreg\u00f3 el Premio Carlos 2019 al espect\u00e1culo Tango Corrupto"},"content":{"rendered":"\n<p><strong>El intendente de Arroyito particip\u00f3, una vez m\u00e1s, de este evento otorgando el galard\u00f3n a los ganadores en la categor\u00eda \u201cMejores m\u00fasicos en vivo\u201d. <\/strong><\/p>\n\n\n\n<p> El intendente de Arroyito particip\u00f3, una vez m\u00e1s, de este evento otorgando el galard\u00f3n a los ganadores en la categor\u00eda \u201cMejores m\u00fasicos en vivo\u201d. El lunes 4 se desarroll\u00f3 la entrega de los premios Carlos 2019. F\u00e1tima Florez se llev\u00f3 el de oro por su espect\u00e1culo <em>F\u00e1tima es M\u00e1gica<\/em>, mientras que <em>El Plan<\/em>, protagonizada por Ren\u00e9 Beltr\u00e1n, se qued\u00f3 con el galard\u00f3n de plata. <em>Locos por Luisa<\/em>, en tanto, se consagr\u00f3 como la mejor comedia. <\/p>\n\n\n\n<p>De la ceremonia, que se concret\u00f3 en los Jardines Municipales de Carlos Paz, particip\u00f3, una vez m\u00e1s, el intendente de Arroyito <a href=\"https:\/\/www.facebook.com\/MauricioACravero\/?__xts__%5B0%5D=68.ARA1HJMqNbsJJwUiywz2yCxaZ6BDCQB3BLOZc8jEDSnXbzK540alhe1tcvBu2iKG1L-Q2CBFtweK8PiaSpe1TTlJi26UVfMeaofg7hM9gT64Bj9aNTeWeK8r5NlsVA9MEVMvLeSOfJT_mDh7ivWwZSjuzWiBZ82PhAT2ewu7Ckqaslr4x5eptyDTxywcDuoF5aUysbJOfniHrqGs-tPLivyDhKQU1Okqqy3buzGj9uUlYJLESwstndSUKUIdR-NwELhAdLlmQUAsXyCG-alP3bAqz7VkWqv2bvhp4G1rEZor_wa3iXvwLrpJeRy8NDX99-Dq1BmC9fQiukABm5cMr7uCJfI&amp;eid=ARD3BQezy5emkuaQLFMs6S-7SEzWHhDf_UgxZAWwhcP6SdNwk5PdIEqOMWWWbHZxgmFf4vqdDCxbOPNB\">Mauricio Cravero<\/a>. El cl\u00e1sico acontecimiento congreg\u00f3 a diversidad de primeros mandatarios de localidades de la provincia de C\u00f3rdoba y figuras del mundo del espect\u00e1culo, que se encuentran haciendo temporada en la villa serrana. <\/p>\n\n\n\n<p>Esta vez, a Cravero le toc\u00f3 entregar el premio a los ganadores de la categor\u00eda mejores m\u00fasicos en vivo, que fue para \u201cTango Corrupto,  porque se nos canta as\u00ed\u201d. El jefe municipal de la Dulce Ciudad intercambi\u00f3 sonrisas y comentarios con los homenajeados, mientras se tomaban una selfie.<\/p>\n\n\n\n<p>Tango Corrupto ya hab\u00eda sido distinguido en los Premios Carlos 2018 como el Mejor espect\u00e1culo Concert. El verano pasado, su elenco se alz\u00f3 con las ternas Revelaci\u00f3n Masculina, para Mauricio Pregot, y mejor bailarina, para Rosal\u00eda \u00c1lvarez.<\/p>\n\n\n\n<p>Por su parte, ya en 2016, Mauricio se hab\u00eda subido al tablado haciendo entrega del premio Carlos como mejor m\u00fasica original a la autora Jeanine Tesori, triunfadora por la banda sonora de \u201cShrek el musical\u201d. <\/p>\n\n\n\n<figure class=\"wp-block-image\"><img loading=\"lazy\" decoding=\"async\" width=\"1024\" height=\"576\" src=\"http:\/\/arroyitoonline.com.ar\/wp-content\/uploads\/2019\/02\/cravero-avil\u00e9s-carlos-2019_Fotor_20190207-1024x576.jpg\" alt=\"\" class=\"wp-image-1907\" srcset=\"https:\/\/arroyitoonline.com.ar\/wp-content\/uploads\/2019\/02\/cravero-avil\u00e9s-carlos-2019_Fotor_20190207-1024x576.jpg 1024w, https:\/\/arroyitoonline.com.ar\/wp-content\/uploads\/2019\/02\/cravero-avil\u00e9s-carlos-2019_Fotor_20190207-300x169.jpg 300w, https:\/\/arroyitoonline.com.ar\/wp-content\/uploads\/2019\/02\/cravero-avil\u00e9s-carlos-2019_Fotor_20190207-768x432.jpg 768w, https:\/\/arroyitoonline.com.ar\/wp-content\/uploads\/2019\/02\/cravero-avil\u00e9s-carlos-2019_Fotor_20190207.jpg 1278w\" sizes=\"auto, (max-width: 1024px) 100vw, 1024px\" \/><figcaption> <br>L<em>os guardaespaldas de &#8220;Carlos&#8221;. Cravero y Avil\u00e9s se reunieron en el municipio que encabeza el segundo. <\/em><\/figcaption><\/figure>\n\n\n\n<p>Adem\u00e1s, es sabido que los intendentes de Arroyito y de Carlos Paz tienen, desde hace a\u00f1os, una amistad que los une. Los jefes municipales se visitan e intercambian experiencias de gesti\u00f3n. En este caso, fue Esteban Avil\u00e9s quien recibi\u00f3 a Cravero, pero <em>\u201cno hablaron de pol\u00edtica\u201d<\/em>, seg\u00fan filtraron desde sus entornos.  <\/p>\n","protected":false},"excerpt":{"rendered":"<p>El intendente de Arroyito particip\u00f3, una vez m\u00e1s, de este evento otorgando el galard\u00f3n a los ganadores en la categor\u00eda&hellip;<\/p>\n","protected":false},"author":3,"featured_media":1906,"comment_status":"closed","ping_status":"open","sticky":false,"template":"","format":"standard","meta":{"footnotes":""},"categories":[826],"tags":[66,67,836,253,454,527,645,802],"class_list":["post-1904","post","type-post","status-publish","format-standard","has-post-thumbnail","hentry","category-espectaculos-online","tag-arroyito","tag-arroyito-cordoba","tag-arroyito-online","tag-cravero","tag-intendente","tag-mauricio-cravero","tag-premios","tag-villa-carlos-paz"],"_links":{"self":[{"href":"https:\/\/arroyitoonline.com.ar\/index.php?rest_route=\/wp\/v2\/posts\/1904","targetHints":{"allow":["GET"]}}],"collection":[{"href":"https:\/\/arroyitoonline.com.ar\/index.php?rest_route=\/wp\/v2\/posts"}],"about":[{"href":"https:\/\/arroyitoonline.com.ar\/index.php?rest_route=\/wp\/v2\/types\/post"}],"author":[{"embeddable":true,"href":"https:\/\/arroyitoonline.com.ar\/index.php?rest_route=\/wp\/v2\/users\/3"}],"replies":[{"embeddable":true,"href":"https:\/\/arroyitoonline.com.ar\/index.php?rest_route=%2Fwp%2Fv2%2Fcomments&post=1904"}],"version-history":[{"count":1,"href":"https:\/\/arroyitoonline.com.ar\/index.php?rest_route=\/wp\/v2\/posts\/1904\/revisions"}],"predecessor-version":[{"id":1908,"href":"https:\/\/arroyitoonline.com.ar\/index.php?rest_route=\/wp\/v2\/posts\/1904\/revisions\/1908"}],"wp:featuredmedia":[{"embeddable":true,"href":"https:\/\/arroyitoonline.com.ar\/index.php?rest_route=\/wp\/v2\/media\/1906"}],"wp:attachment":[{"href":"https:\/\/arroyitoonline.com.ar\/index.php?rest_route=%2Fwp%2Fv2%2Fmedia&parent=1904"}],"wp:term":[{"taxonomy":"category","embeddable":true,"href":"https:\/\/arroyitoonline.com.ar\/index.php?rest_route=%2Fwp%2Fv2%2Fcategories&post=1904"},{"taxonomy":"post_tag","embeddable":true,"href":"https:\/\/arroyitoonline.com.ar\/index.php?rest_route=%2Fwp%2Fv2%2Ftags&post=1904"}],"curies":[{"name":"wp","href":"https:\/\/api.w.org\/{rel}","templated":true}]}}