{"id":1913,"date":"2019-02-07T21:20:51","date_gmt":"2019-02-07T21:20:51","guid":{"rendered":"http:\/\/arroyitoonline.com.ar\/?p=1913"},"modified":"2019-02-12T12:49:56","modified_gmt":"2019-02-12T12:49:56","slug":"encontraron-a-un-hombre-muerto-dentro-de-un-auto","status":"publish","type":"post","link":"https:\/\/arroyitoonline.com.ar\/?p=1913","title":{"rendered":"Encontraron a un hombre muerto dentro de un auto"},"content":{"rendered":"\n<p><strong>Ten\u00eda 59 a\u00f1os y se habr\u00eda quitado la vida. El veh\u00edculo estaba estacionado sobre calle Alem del sector sur. <\/strong><\/p>\n\n\n\n<p>Hoy a las 13:30 horas, la Polic\u00eda recibi\u00f3 un llamado al 101, alertando de que habr\u00eda una persona descompuesta sobre la calle Alem al 471. <\/p>\n\n\n\n<p>Una vez en el lugar, personal de guardia de la Comisar\u00eda local constat\u00f3 que, en el interior del habit\u00e1culo de un Peugeot 205 estacionado frente al domicilio antes mencionado, se encontraba una persona de sexo masculino sin vida. <\/p>\n\n\n\n<p>El sujeto permanec\u00eda sentado en el lado del conductor, con su torso recostado hacia el asiento del acompa\u00f1ante, sector donde los uniformados observaron un arma de fuego. El hombre, que ten\u00eda 59 a\u00f1os, era oriundo de La Tordilla pero fijaba domicilio en Arroyito. <\/p>\n\n\n\n<p>Tambi\u00e9n lleg\u00f3 al sector, el Servicio de emergencia a cargo de la m\u00e9dica Mar\u00eda Florencia Mosso, quien constat\u00f3 el deceso. Adem\u00e1s se hicieron presentes la fiscal Graciela Debernardi y el jefe de Zona de la Polic\u00eda, Crio. Insp. Pablo Berardo. Seg\u00fan directivas impartidas por el magistrado, previo a que efectuaran el procedimiento de rigor, el fallecido fue traslado hacia la Morgue Judicial del Hospital JB Iturraspe de la ciudad de San Francisco, para que le practiquen la correspondiente autopsia. <\/p>\n\n\n\n<p><strong>PREVENCI\u00d3N <\/strong><\/p>\n\n\n\n<p>Entre los signos de alarma de una crisis suicida se encuentran los siguientes: llanto inconsolable, tendencia al aislamiento, las amenazas suicidas, deseos de morir, desesperanza, s\u00fabitos cambios de conducta, afectos y h\u00e1bitos, aislamiento, conductas inusuales, consumo excesivo de alcohol o drogas, realizar notas de despedidas, etc. <\/p>\n\n\n\n<p> Los que siguen se consideran grupos de riesgo suicida:<\/p>\n\n\n\n<p>-Las personas que est\u00e1n atravesando un proceso depresivo.<\/p>\n\n\n\n<p>-Los que tienen ideas suicidas o amenazan con el suicidio.<\/p>\n\n\n\n<p>-Los sujetos que hayan realizado un intento suicida.<\/p>\n\n\n\n<p>-Los sujetos en situaciones de crisis.<\/p>\n\n\n\n<p>-Los sobrevivientes o familiares del suicida.<\/p>\n\n\n\n<p>Qu\u00e9 debemos hacer en caso de detectar un sujeto con riesgo de suicidio:<\/p>\n\n\n\n<p>-Preguntar siempre a esa persona en situaci\u00f3n de riesgo si ha pensado en el suicidio.<\/p>\n\n\n\n<p>-Si la respuesta es afirmativa, evitar el acceso a cualquier m\u00e9todo que pueda da\u00f1arlo. Nunca dejarlo a solas mientras persistan las ideas suicidas.<\/p>\n\n\n\n<p>-Avisar a otras personas significativas para el sujeto que contribuyan a evitar la ocurrencia de un acto suicida.<\/p>\n\n\n\n<p>-Acercarlo a las fuentes de salud a recibir atenci\u00f3n especializada.Ante cualquier duda o consulta, comunicarse con el Centro de Asistencia al Suicida C\u00f3rdoba: l\u00ednea gratuita 135 \u00f3 0351-4265755.<\/p>\n\n\n\n<p>Fuente: Ministerio de Salud de la Naci\u00f3n.<\/p>\n\n\n\n<p>La foto es gentileza de Canal 3. <\/p>\n","protected":false},"excerpt":{"rendered":"<p>Ten\u00eda 59 a\u00f1os y se habr\u00eda quitado la vida. El veh\u00edculo estaba estacionado sobre calle Alem del sector sur. Hoy&hellip;<\/p>\n","protected":false},"author":3,"featured_media":1914,"comment_status":"closed","ping_status":"open","sticky":false,"template":"","format":"standard","meta":{"footnotes":""},"categories":[824],"tags":[66,67,836,379,572,635,637,638,825,854],"class_list":["post-1913","post","type-post","status-publish","format-standard","has-post-thumbnail","hentry","category-policiales-online","tag-arroyito","tag-arroyito-cordoba","tag-arroyito-online","tag-fiscal","tag-noticias-de-arroyito-y-zona","tag-policia","tag-policiales","tag-policiales-arroyito","tag-policiales-online","tag-suicidio"],"_links":{"self":[{"href":"https:\/\/arroyitoonline.com.ar\/index.php?rest_route=\/wp\/v2\/posts\/1913","targetHints":{"allow":["GET"]}}],"collection":[{"href":"https:\/\/arroyitoonline.com.ar\/index.php?rest_route=\/wp\/v2\/posts"}],"about":[{"href":"https:\/\/arroyitoonline.com.ar\/index.php?rest_route=\/wp\/v2\/types\/post"}],"author":[{"embeddable":true,"href":"https:\/\/arroyitoonline.com.ar\/index.php?rest_route=\/wp\/v2\/users\/3"}],"replies":[{"embeddable":true,"href":"https:\/\/arroyitoonline.com.ar\/index.php?rest_route=%2Fwp%2Fv2%2Fcomments&post=1913"}],"version-history":[{"count":2,"href":"https:\/\/arroyitoonline.com.ar\/index.php?rest_route=\/wp\/v2\/posts\/1913\/revisions"}],"predecessor-version":[{"id":1917,"href":"https:\/\/arroyitoonline.com.ar\/index.php?rest_route=\/wp\/v2\/posts\/1913\/revisions\/1917"}],"wp:featuredmedia":[{"embeddable":true,"href":"https:\/\/arroyitoonline.com.ar\/index.php?rest_route=\/wp\/v2\/media\/1914"}],"wp:attachment":[{"href":"https:\/\/arroyitoonline.com.ar\/index.php?rest_route=%2Fwp%2Fv2%2Fmedia&parent=1913"}],"wp:term":[{"taxonomy":"category","embeddable":true,"href":"https:\/\/arroyitoonline.com.ar\/index.php?rest_route=%2Fwp%2Fv2%2Fcategories&post=1913"},{"taxonomy":"post_tag","embeddable":true,"href":"https:\/\/arroyitoonline.com.ar\/index.php?rest_route=%2Fwp%2Fv2%2Ftags&post=1913"}],"curies":[{"name":"wp","href":"https:\/\/api.w.org\/{rel}","templated":true}]}}