{"id":1925,"date":"2019-02-08T15:20:51","date_gmt":"2019-02-08T15:20:51","guid":{"rendered":"http:\/\/arroyitoonline.com.ar\/?p=1925"},"modified":"2019-02-10T15:30:55","modified_gmt":"2019-02-10T15:30:55","slug":"boero-la-bomba-revento-en-arroyito","status":"publish","type":"post","link":"https:\/\/arroyitoonline.com.ar\/?p=1925","title":{"rendered":"Boero: \u201cla bomba revent\u00f3 en Arroyito\u201d"},"content":{"rendered":"\n<p><strong>El secretario General del STIA se mostr\u00f3 preocupado por la recisi\u00f3n del contrato que vincula a Arcor con Acerfor, por lo que quedar\u00edan 19 personas en la calle. <\/strong><\/p>\n\n\n\n<p>El secretario General del Sindicato de Industrias de la Alimentaci\u00f3n Arroyito, Hern\u00e1n Boero, habl\u00f3 esta ma\u00f1ana en FM Top 99.9. Se expres\u00f3 luego de conocerse que 19 trabajadores quedar\u00edan en la calle, por el cese del convenio que vincula a la fasonera Acerfor con Arcor. <\/p>\n\n\n\n<p>Seg\u00fan explic\u00f3 el gremialista, la empresa local tiene como \u00fanico cliente a la multinacional, para la que fabrica packaging y embalajes de productos especiales, como los que se venden en Halloween. Debido a la crisis econ\u00f3mica y productiva que se vive en el pa\u00eds, el convenio que liga a las firmas ser\u00e1 rescindido por Arcor. Esto ocurrir\u00e1 el pr\u00f3ximo 28 de febrero, quedando los obreros de Acerfor sin trabajo. <\/p>\n\n\n\n<p>Al respecto, Boero dijo que <em>\u201cla bomba revent\u00f3 en Arroyito. Algunas producciones de Arcor cayeron 50%. Este modelo de gobierno nacional es inviable\u201d<\/em>.\u00a0Tambi\u00e9n\u00a0agreg\u00f3 que, en nombre del gremio, radic\u00f3 una denuncia en el Ministerio de Trabajo. Ayer, los responsables de las empresas y los representantes del sindicato asistieron a una audiencia, donde qued\u00f3 claro que lo \u00fanico que queda por definirse es el tema de las indemnizaciones, ya que es casi un hecho que los trabajadores ser\u00e1n desocupados. <\/p>\n\n\n\n<p>El pr\u00f3ximo encuentro ser\u00e1 el lunes 11 a las 11:00 horas, pero desde el STIA ya anticiparon que Arcor fue tajante sobre la desvinculaci\u00f3n. <em>\u201cNo hay trabajo para la empresa de Guevara, y \u00e9l no tiene posibilidad de sostener las fuentes de trabajo, porque no existe otra empresa a la que prestarle el servicio\u201d<\/em>, remarcaron. <\/p>\n","protected":false},"excerpt":{"rendered":"<p>El secretario General del STIA se mostr\u00f3 preocupado por la recisi\u00f3n del contrato que vincula a Arcor con Acerfor, por&hellip;<\/p>\n","protected":false},"author":3,"featured_media":1926,"comment_status":"closed","ping_status":"open","sticky":false,"template":"","format":"standard","meta":{"footnotes":""},"categories":[835],"tags":[66,67,836,855,407,572,735,736,741],"class_list":["post-1925","post","type-post","status-publish","format-standard","has-post-thumbnail","hentry","category-info-online","tag-arroyito","tag-arroyito-cordoba","tag-arroyito-online","tag-crisis","tag-gremios","tag-noticias-de-arroyito-y-zona","tag-sindicato","tag-sindicatos","tag-stia"],"_links":{"self":[{"href":"https:\/\/arroyitoonline.com.ar\/index.php?rest_route=\/wp\/v2\/posts\/1925","targetHints":{"allow":["GET"]}}],"collection":[{"href":"https:\/\/arroyitoonline.com.ar\/index.php?rest_route=\/wp\/v2\/posts"}],"about":[{"href":"https:\/\/arroyitoonline.com.ar\/index.php?rest_route=\/wp\/v2\/types\/post"}],"author":[{"embeddable":true,"href":"https:\/\/arroyitoonline.com.ar\/index.php?rest_route=\/wp\/v2\/users\/3"}],"replies":[{"embeddable":true,"href":"https:\/\/arroyitoonline.com.ar\/index.php?rest_route=%2Fwp%2Fv2%2Fcomments&post=1925"}],"version-history":[{"count":3,"href":"https:\/\/arroyitoonline.com.ar\/index.php?rest_route=\/wp\/v2\/posts\/1925\/revisions"}],"predecessor-version":[{"id":1930,"href":"https:\/\/arroyitoonline.com.ar\/index.php?rest_route=\/wp\/v2\/posts\/1925\/revisions\/1930"}],"wp:featuredmedia":[{"embeddable":true,"href":"https:\/\/arroyitoonline.com.ar\/index.php?rest_route=\/wp\/v2\/media\/1926"}],"wp:attachment":[{"href":"https:\/\/arroyitoonline.com.ar\/index.php?rest_route=%2Fwp%2Fv2%2Fmedia&parent=1925"}],"wp:term":[{"taxonomy":"category","embeddable":true,"href":"https:\/\/arroyitoonline.com.ar\/index.php?rest_route=%2Fwp%2Fv2%2Fcategories&post=1925"},{"taxonomy":"post_tag","embeddable":true,"href":"https:\/\/arroyitoonline.com.ar\/index.php?rest_route=%2Fwp%2Fv2%2Ftags&post=1925"}],"curies":[{"name":"wp","href":"https:\/\/api.w.org\/{rel}","templated":true}]}}