{"id":1931,"date":"2019-02-10T15:39:50","date_gmt":"2019-02-10T15:39:50","guid":{"rendered":"http:\/\/arroyitoonline.com.ar\/?p=1931"},"modified":"2019-02-10T15:40:43","modified_gmt":"2019-02-10T15:40:43","slug":"emanuel-acosta-denuncio-el-estado-de-pami-en-arroyito-ante-el-defensor-del-pueblo-por","status":"publish","type":"post","link":"https:\/\/arroyitoonline.com.ar\/?p=1931","title":{"rendered":"Emanuel Acosta denunci\u00f3 el estado de PAMI en Arroyito, ante el Defensor del Pueblo"},"content":{"rendered":"\n<p><strong>Haci\u00e9ndose eco de las quejas en medios y redes, el joven abogado tom\u00f3 la decisi\u00f3n porque los <\/strong><em><strong>\u201cadultos mayores tambi\u00e9n son vecinos de Arroyito\u201d<\/strong><\/em><strong>. <\/strong><\/p>\n\n\n\n<p>La dependencia local del Programa de Atenci\u00f3n M\u00e9dica Integral, la obra social de los jubilados argentinos, ha quedado chica. Al respecto, los comentarios negativos no cesan, tanto en las redes sociales, como a trav\u00e9s de los medios de comunicaci\u00f3n. Tal es el caso de la radio <strong>FM Libre 93.7<\/strong> que, esta ma\u00f1ana, abord\u00f3 la tem\u00e1tica. <\/p>\n\n\n\n<p><em>\u201cCuando uno es joven nos sacan del sueldo para todo, y cuando venimos viejos tenemos que rogar para que nos atiendan. En este pa\u00eds llegar a viejo es un problema\u201d<\/em>, reflexion\u00f3 un oyente en la puerta del Pami local. El mi\u00e9rcoles pasado m\u00e1s de una decena de ancianos amaneci\u00f3 frente a la sede de V\u00e9lez S\u00e1rsfield 943. Los adultos mayores intentaban conseguir un turno o que les dieran derecho a la obtenci\u00f3n de un medicamento gratuito.<\/p>\n\n\n\n<p><strong>La denuncia de Acosta<\/strong><\/p>\n\n\n\n<p><em>\u201cMientras mi pap\u00e1, que es jubilado, desayunaba escuch\u00f3 que hablaban sobre la problem\u00e1tica del PAMI en Arroyito; que ha quedado muy chico el lugar, no hay comodidades para los ancianos y el personal es poco, para la demanda de servicios que hay en la ciudad. En verano est\u00e1n al rayo del sol y en invierno pasan fr\u00edo; y me plante\u00f3 que c\u00f3mo es que no se puede hacer nada\u201d<\/em>, coment\u00f3 a Arroyito Online el abogado Emanuel Acosta. A ra\u00edz de ese encuentro con su padre, el letrado tom\u00f3 la decisi\u00f3n iniciar un reclamo en lo inmediato. <\/p>\n\n\n\n<p><em>\u201cMe acord\u00e9 de la figura del Defensor del Pueblo que fue creada, con la reforma de la Constituci\u00f3n Nacional en 1994, donde fue incorporado. El Defensor del Pueblo tiene como funci\u00f3n, en lo que tiene que ver con los adultos mayores, toda la defensa, an\u00e1lisis e investigaci\u00f3n de las acciones u omisiones que tienen la administraci\u00f3n p\u00fablica y sus dependencias y que puedan llegar a vulnerar los derechos de los adultos mayores\u201d<\/em>, remarc\u00f3 el menor de los Acosta. Adem\u00e1s se\u00f1al\u00f3 que <em>\u201cEn funci\u00f3n de eso, entr\u00e9 a la p\u00e1gina, le\u00ed y formul\u00e9 la denuncia como correspond\u00eda. Desde la Defensor\u00eda se pusieron en contacto conmigo pidi\u00e9ndome que cumplimentara una serie de requisitos en el reclamo, que complet\u00e9\u201d<\/em>.  <\/p>\n\n\n\n<p>Aunque el legista tambi\u00e9n opin\u00f3 que esta es una problem\u00e1tica que viene desde hace tiempo, <em>\u201cy que no ha habido, ni siquiera de las autoridades locales, alguna intervenci\u00f3n directa. Pueden haber existido gestiones, pero no ha habido ninguna acci\u00f3n concreta. Llama la atenci\u00f3n la demora en resolver cuestiones que son pr\u00e1cticas\u201d<\/em>. <\/p>\n\n\n\n<p>Por su parte, el responsable del Pami local, Roberto Tabacchi, explic\u00f3 que la demanda sobrepasa todo esfuerzo operativo para contener la necesidad de la gente. <em>\u201cAclaro que estas son las condiciones que nos proporciona el estado actualmente, seguro se puede mejorar, pero para ello ser\u00eda necesario que se involucren otros actores\u201d<\/em> indic\u00f3, al ser consultado por la producci\u00f3n de FM Libre, hace un tiempo y en el mismo contexto de reclamos. <\/p>\n\n\n\n<p>Fuentes allegadas al gobierno municipal aseguraron a la misma emisora que se gestiona a nivel nacional una soluci\u00f3n definitiva para esta problem\u00e1tica que desde hace mucho tiempo tiene a maltraer a los prestatarios del servicio PAMI de Arroyito y zona.<\/p>\n\n\n\n<p>Fuente y foto: FM Libre. <\/p>\n","protected":false},"excerpt":{"rendered":"<p>Haci\u00e9ndose eco de las quejas en medios y redes, el joven abogado tom\u00f3 la decisi\u00f3n porque los \u201cadultos mayores tambi\u00e9n&hellip;<\/p>\n","protected":false},"author":3,"featured_media":1932,"comment_status":"closed","ping_status":"open","sticky":false,"template":"","format":"standard","meta":{"footnotes":""},"categories":[835],"tags":[33,66,67,836,858,273,857,572,856],"class_list":["post-1931","post","type-post","status-publish","format-standard","has-post-thumbnail","hentry","category-info-online","tag-adultos-mayores","tag-arroyito","tag-arroyito-cordoba","tag-arroyito-online","tag-defensor-del-pueblo","tag-denuncia","tag-gobierno-nacional","tag-noticias-de-arroyito-y-zona","tag-pami"],"_links":{"self":[{"href":"https:\/\/arroyitoonline.com.ar\/index.php?rest_route=\/wp\/v2\/posts\/1931","targetHints":{"allow":["GET"]}}],"collection":[{"href":"https:\/\/arroyitoonline.com.ar\/index.php?rest_route=\/wp\/v2\/posts"}],"about":[{"href":"https:\/\/arroyitoonline.com.ar\/index.php?rest_route=\/wp\/v2\/types\/post"}],"author":[{"embeddable":true,"href":"https:\/\/arroyitoonline.com.ar\/index.php?rest_route=\/wp\/v2\/users\/3"}],"replies":[{"embeddable":true,"href":"https:\/\/arroyitoonline.com.ar\/index.php?rest_route=%2Fwp%2Fv2%2Fcomments&post=1931"}],"version-history":[{"count":2,"href":"https:\/\/arroyitoonline.com.ar\/index.php?rest_route=\/wp\/v2\/posts\/1931\/revisions"}],"predecessor-version":[{"id":1934,"href":"https:\/\/arroyitoonline.com.ar\/index.php?rest_route=\/wp\/v2\/posts\/1931\/revisions\/1934"}],"wp:featuredmedia":[{"embeddable":true,"href":"https:\/\/arroyitoonline.com.ar\/index.php?rest_route=\/wp\/v2\/media\/1932"}],"wp:attachment":[{"href":"https:\/\/arroyitoonline.com.ar\/index.php?rest_route=%2Fwp%2Fv2%2Fmedia&parent=1931"}],"wp:term":[{"taxonomy":"category","embeddable":true,"href":"https:\/\/arroyitoonline.com.ar\/index.php?rest_route=%2Fwp%2Fv2%2Fcategories&post=1931"},{"taxonomy":"post_tag","embeddable":true,"href":"https:\/\/arroyitoonline.com.ar\/index.php?rest_route=%2Fwp%2Fv2%2Ftags&post=1931"}],"curies":[{"name":"wp","href":"https:\/\/api.w.org\/{rel}","templated":true}]}}