{"id":1935,"date":"2019-02-06T16:36:39","date_gmt":"2019-02-06T16:36:39","guid":{"rendered":"http:\/\/arroyitoonline.com.ar\/?p=1935"},"modified":"2019-02-10T16:55:02","modified_gmt":"2019-02-10T16:55:02","slug":"el-municipio-sorteo-la-vivienda-307-en-86-meses-de-la-gestion-craverista","status":"publish","type":"post","link":"https:\/\/arroyitoonline.com.ar\/?p=1935","title":{"rendered":"El municipio sorteo la vivienda 307, en 86 meses de gesti\u00f3n craverista"},"content":{"rendered":"\n<p><strong>El padr\u00f3n contempl\u00f3 a quienes estaban al d\u00eda con la cuota de noviembre de 2018. Las 26 unidades habitacionales ser\u00e1n entregadas en menos de un mes.<\/strong><\/p>\n\n\n\n<p>El martes 5 por la noche, en el Teatrillo Municipal Jos\u00e9 Francisco Guarch, el municipio sorte\u00f3 26 viviendas. Fue ante la mirada de adherentes ilusionados, que esperaban ansiosos escuchar sus nombres, de boca de la escribana Cort\u00e9s de Casco. Esta vez, el padr\u00f3n contempl\u00f3 a quienes estaban al d\u00eda con la cuota de noviembre de 2018; seg\u00fan Ordenanzas 1460\/2010 (Plan Casa) y 1461\/2010 (Plan Casa Social).<\/p>\n\n\n\n<p>Antes del sorteo, habl\u00f3 el intendente. Cravero expres\u00f3 que <em>\u201cHoy me lleno de orgullo cuando pienso que, en un ratito, habremos sorteado la vivienda municipal n\u00famero 307 en 86 meses de gesti\u00f3n\u201d<\/em>. Adem\u00e1s, el jefe municipal agradeci\u00f3 al secretario de Obras P\u00fablicas Daniel Lafarina <em>\u201cpor todo el trabajo y dedicaci\u00f3n que le pone a estos planes de Viviendas y, en \u00e9l, a todo su equipo que trabaja para que logremos estos resultados. Tambi\u00e9n \u00a0a cada uno de ustedes que, pese a las condiciones dif\u00edciles que se viven, siguen pagando alquileres, esforz\u00e1ndose y no dejan de pagar sus cuotas\u201d<\/em>. <\/p>\n\n\n\n<figure class=\"wp-block-embed-facebook wp-block-embed is-type-video is-provider-facebook\"><div class=\"wp-block-embed__wrapper\">\nhttps:\/\/www.facebook.com\/2352090848352136\/videos\/399767774115402\/\n<\/div><\/figure>\n\n\n\n<p>En primer lugar la escribana sorte\u00f3 10 viviendas del Plan Casa Social quedando como adjudicatarios: <\/p>\n\n\n\n<p>Del Padr\u00f3n Especial mayores de 70 a\u00f1os y discapacidad: N\u00b0 11, Margarita del Valle Gim\u00e9nez. Grupo A: N\u00b0 86, Anal\u00eda Elisabet Contreras; N\u00b0 26, Emely Soledad Luque; N\u00b0 10, Sof\u00eda Borgovelo-Jos\u00e9 Adri\u00e1n Carnevale y N\u00b0 42, Juan Carabajal-Susana S\u00e1nchez. Grupo: N\u00b0 41, Marianela Fernanda Palacios; N\u00b0 24,&nbsp;Nancy Elisabet Pedrocca; N\u00b0 50, Carlos Sosa-Vanesa Romano; N\u00b0 64, \u00c1ngel David Vega; Mat\u00edas Calder\u00f3n y N\u00b0 29, Diego Gabriel Contrera-Anabel Vanesa Miretti.  <\/p>\n\n\n\n<p>Acto seguido, la notaria sorte\u00f3 16 viviendas Plan Casa, resultando propietarios:<\/p>\n\n\n\n<p>Correspondiente al Padr\u00f3n Especial mayores de 70 a\u00f1os y discapacidad: N\u00b0 1, Dominga Francisca Morello y N\u00b0 8, Mar\u00eda Ema Mandrile. Grupo A: N\u00b0 88, Marcelo Ariel Amantini; N\u00b0 91, Federico Javier Ledesma-\u00c9rica Valeria D\u00edaz; N\u00b0 51, Juan Eduardo Romero y N\u00b0 81, Luciano Ram\u00edrez-Elina Karen Marsengo. Grupo B: N\u00b0 40, Ermindo Rub\u00e9n Ju\u00e1rez-Paola Romero; N\u00b0 43, J\u00e9sica Cosman; N\u00b0 54, Marcos Luis Albornoz-Mar\u00eda Florencia \u00c1lvarez y N\u00b0 48, Fabio Vicente P\u00e9rez-Julia Amaya. Grupo C: N\u00b0 45, Hugo Cristino Ram\u00f3n Sosa-Sonia del Carmen \u00c1vila; N\u00b0 76, Luis Humberto Marasini-Belkis Susana Capuano y N\u00b0 6, Selva Alejandra Moyano. Grupo D: N\u00b0 49.m Mart\u00edn Cugno-Mar\u00eda Victoria Lencinas; N\u00b0 66, Manuel Eduardo Castellano-Gisele Do Santos y N\u00b0 62, Magal\u00ed del Valle Ledesma.<\/p>\n\n\n\n<p>Despu\u00e9s de todo, desde la actual gesti\u00f3n remarcaron que <em>\u201cCon una inmensa alegr\u00eda los arroyitenses podemos afirmar que ya son 307 las familias que materializaron el sue\u00f1o m\u00e1s anhelado, el de la casa propia\u201d.<\/em><\/p>\n\n\n\n<p><strong>Las casas municipales<\/strong><\/p>\n\n\n\n<p>Las unidades habitacionales del Plan Casa Social cuentan con 30\nmetros cuadrados de superficie cubierta, y se componen de un mono ambiente,\ncocina con mesada instalada, ba\u00f1o instalado completo, con pisos y revestimiento\nde cer\u00e1micos, piso del sal\u00f3n multiuso de cemento alisado, instalaci\u00f3n de agua\nfr\u00eda y caliente, instalaci\u00f3n completa de gas, instalaci\u00f3n el\u00e9ctrica completa, e\ninstalaci\u00f3n TV por cable.&nbsp;<\/p>\n\n\n\n<p>Por otra parte, las viviendas del Plan Casa cuentan con 56 metros cuadrados de superficie cubierta, dos dormitorios, cocina comedor, piso y revestimientos de cer\u00e1mica completos, mesada instalada, ba\u00f1o instalado completo, instalaci\u00f3n de agua fr\u00eda y caliente, instalaci\u00f3n completa de gas y el\u00e9ctrica, instalaci\u00f3n TV por cable, aberturas de aluminio y ventanas con rejas. <\/p>\n\n\n\n<p>Con respecto a los lotes, todos tienen 10,20 metros de frente. <\/p>\n\n\n\n<p>Fuente: Prensa Municipal. <\/p>\n\n\n\n<p> <\/p>\n","protected":false},"excerpt":{"rendered":"<p>El padr\u00f3n contempl\u00f3 a quienes estaban al d\u00eda con la cuota de noviembre de 2018. Las 26 unidades habitacionales ser\u00e1n&hellip;<\/p>\n","protected":false},"author":3,"featured_media":1936,"comment_status":"closed","ping_status":"open","sticky":false,"template":"","format":"standard","meta":{"footnotes":""},"categories":[829,8],"tags":[66,67,836,253,454,527,555,556,572,624,625,813],"class_list":["post-1935","post","type-post","status-publish","format-standard","has-post-thumbnail","hentry","category-municipales-online","category-politica","tag-arroyito","tag-arroyito-cordoba","tag-arroyito-online","tag-cravero","tag-intendente","tag-mauricio-cravero","tag-municipalidad","tag-municipalidad-de-arroyito","tag-noticias-de-arroyito-y-zona","tag-plan-casa","tag-plan-casa-social","tag-viviendas"],"_links":{"self":[{"href":"https:\/\/arroyitoonline.com.ar\/index.php?rest_route=\/wp\/v2\/posts\/1935","targetHints":{"allow":["GET"]}}],"collection":[{"href":"https:\/\/arroyitoonline.com.ar\/index.php?rest_route=\/wp\/v2\/posts"}],"about":[{"href":"https:\/\/arroyitoonline.com.ar\/index.php?rest_route=\/wp\/v2\/types\/post"}],"author":[{"embeddable":true,"href":"https:\/\/arroyitoonline.com.ar\/index.php?rest_route=\/wp\/v2\/users\/3"}],"replies":[{"embeddable":true,"href":"https:\/\/arroyitoonline.com.ar\/index.php?rest_route=%2Fwp%2Fv2%2Fcomments&post=1935"}],"version-history":[{"count":4,"href":"https:\/\/arroyitoonline.com.ar\/index.php?rest_route=\/wp\/v2\/posts\/1935\/revisions"}],"predecessor-version":[{"id":1944,"href":"https:\/\/arroyitoonline.com.ar\/index.php?rest_route=\/wp\/v2\/posts\/1935\/revisions\/1944"}],"wp:featuredmedia":[{"embeddable":true,"href":"https:\/\/arroyitoonline.com.ar\/index.php?rest_route=\/wp\/v2\/media\/1936"}],"wp:attachment":[{"href":"https:\/\/arroyitoonline.com.ar\/index.php?rest_route=%2Fwp%2Fv2%2Fmedia&parent=1935"}],"wp:term":[{"taxonomy":"category","embeddable":true,"href":"https:\/\/arroyitoonline.com.ar\/index.php?rest_route=%2Fwp%2Fv2%2Fcategories&post=1935"},{"taxonomy":"post_tag","embeddable":true,"href":"https:\/\/arroyitoonline.com.ar\/index.php?rest_route=%2Fwp%2Fv2%2Ftags&post=1935"}],"curies":[{"name":"wp","href":"https:\/\/api.w.org\/{rel}","templated":true}]}}