{"id":1945,"date":"2019-02-10T17:20:13","date_gmt":"2019-02-10T17:20:13","guid":{"rendered":"http:\/\/arroyitoonline.com.ar\/?p=1945"},"modified":"2019-02-10T17:21:21","modified_gmt":"2019-02-10T17:21:21","slug":"la-ciclovia-unira-la-curva-con-arroyito","status":"publish","type":"post","link":"https:\/\/arroyitoonline.com.ar\/?p=1945","title":{"rendered":"La ciclov\u00eda paralela a la ruta 19 unir\u00e1 a Arroyito con La Curva"},"content":{"rendered":"\n<p><strong>Desde el municipio\nanunciaron que le dar\u00e1n continuidad, a pedido de vecinos del paraje, que\ntrabajan en la ciudad. <\/strong><\/p>\n\n\n\n<p>El pasado jueves 7 de febrero, el intendente Mauricio Cravero y el secretario de Obras P\u00fablicas Daniel Lafarina anunciaron que finalizar\u00e1n la &nbsp;construcci\u00f3n de la ciclov\u00eda que une nuestra ciudad con su vecino paraje oeste. <\/p>\n\n\n\n<p>De esta forma, la bicisenda bidireccional paralela a la ruta 19, que hoy comunica a las empresas Promar y 8A, tendr\u00e1 continuidad. <\/p>\n\n\n\n<p>Asimismo, la obra, que tiene una longitud de 3.800 metros, responde\na una necesidad de los vecinos de La Curva que trabajan en Arroyito. Tambi\u00e9n se\ntrata de una solicitud de aquellos que eligen como deporte el ciclo turismo. <\/p>\n\n\n\n<p>Por esto mismo, la obra dar\u00e1 comienzo en los pr\u00f3ximos d\u00edas, a la espera del an\u00e1lisis t\u00e9cnico constructivo, que se est\u00e1 realizando.<\/p>\n\n\n\n<p>Fuente: Prensa Municipal.<\/p>\n","protected":false},"excerpt":{"rendered":"<p>Desde el municipio anunciaron que le dar\u00e1n continuidad, a pedido de vecinos del paraje, que trabajan en la ciudad. El&hellip;<\/p>\n","protected":false},"author":3,"featured_media":1946,"comment_status":"closed","ping_status":"open","sticky":false,"template":"","format":"standard","meta":{"footnotes":""},"categories":[829],"tags":[66,67,836,192,193,253,454,483,837,527,555,556,768],"class_list":["post-1945","post","type-post","status-publish","format-standard","has-post-thumbnail","hentry","category-municipales-online","tag-arroyito","tag-arroyito-cordoba","tag-arroyito-online","tag-ciclismo","tag-ciclovia","tag-cravero","tag-intendente","tag-la-curva","tag-lafarina","tag-mauricio-cravero","tag-municipalidad","tag-municipalidad-de-arroyito","tag-trabajo"],"_links":{"self":[{"href":"https:\/\/arroyitoonline.com.ar\/index.php?rest_route=\/wp\/v2\/posts\/1945","targetHints":{"allow":["GET"]}}],"collection":[{"href":"https:\/\/arroyitoonline.com.ar\/index.php?rest_route=\/wp\/v2\/posts"}],"about":[{"href":"https:\/\/arroyitoonline.com.ar\/index.php?rest_route=\/wp\/v2\/types\/post"}],"author":[{"embeddable":true,"href":"https:\/\/arroyitoonline.com.ar\/index.php?rest_route=\/wp\/v2\/users\/3"}],"replies":[{"embeddable":true,"href":"https:\/\/arroyitoonline.com.ar\/index.php?rest_route=%2Fwp%2Fv2%2Fcomments&post=1945"}],"version-history":[{"count":3,"href":"https:\/\/arroyitoonline.com.ar\/index.php?rest_route=\/wp\/v2\/posts\/1945\/revisions"}],"predecessor-version":[{"id":1949,"href":"https:\/\/arroyitoonline.com.ar\/index.php?rest_route=\/wp\/v2\/posts\/1945\/revisions\/1949"}],"wp:featuredmedia":[{"embeddable":true,"href":"https:\/\/arroyitoonline.com.ar\/index.php?rest_route=\/wp\/v2\/media\/1946"}],"wp:attachment":[{"href":"https:\/\/arroyitoonline.com.ar\/index.php?rest_route=%2Fwp%2Fv2%2Fmedia&parent=1945"}],"wp:term":[{"taxonomy":"category","embeddable":true,"href":"https:\/\/arroyitoonline.com.ar\/index.php?rest_route=%2Fwp%2Fv2%2Fcategories&post=1945"},{"taxonomy":"post_tag","embeddable":true,"href":"https:\/\/arroyitoonline.com.ar\/index.php?rest_route=%2Fwp%2Fv2%2Ftags&post=1945"}],"curies":[{"name":"wp","href":"https:\/\/api.w.org\/{rel}","templated":true}]}}