{"id":1953,"date":"2019-02-10T18:39:32","date_gmt":"2019-02-10T18:39:32","guid":{"rendered":"http:\/\/arroyitoonline.com.ar\/?p=1953"},"modified":"2019-02-10T18:39:33","modified_gmt":"2019-02-10T18:39:33","slug":"la-escuela-proa-local-comenzara-las-clases-el-6-de-marzo","status":"publish","type":"post","link":"https:\/\/arroyitoonline.com.ar\/?p=1953","title":{"rendered":"La escuela PROA local comenzar\u00e1 las clases el 6 de marzo"},"content":{"rendered":"\n<p><strong>As\u00ed lo anunciaron al\nmunicipio, desde la direcci\u00f3n del Programa Avanzado de Educaci\u00f3n Secundaria. <\/strong><\/p>\n\n\n\n<p>D\u00edas pasados, la Municipalidad de la ciudad de Arroyito brind\u00f3\ninformaci\u00f3n sobre el inicio de clases del Programa Avanzado de Educaci\u00f3n Secundaria\na nivel local.<\/p>\n\n\n\n<p>Meses atr\u00e1s, el intendente Mauricio Cravero anunciaba la\ndecisi\u00f3n del Ministerio de Educaci\u00f3n del Gobierno de la Provincia de C\u00f3rdoba,\nde construir y poner en marcha en Arroyito, la escuela PROA n\u00famero 16. &nbsp;<\/p>\n\n\n\n<p>En este sentido, el 15 de febrero\nlos cargos docentes tendr\u00e1n una reuni\u00f3n en el Ministerio de Educaci\u00f3n de la\nProvincia. Adem\u00e1s, la semana del 20 de febrero se coordinar\u00e1 un encuentro con\nlos padres y el d\u00eda 6 de marzo dar\u00e1 inicio el ciclo lectivo en&nbsp;Humberto\nPrimo 335, zona sur (ex\u2013Cooas).<\/p>\n\n\n\n<p>De esta manera, las Escuelas\u00a0del Programa Avanzado en Educaci\u00f3n Secundaria son una nueva modalidad educativa, donde el proyecto educativo es diferente al convencional y tradicional y est\u00e1 relacionado con \u00e1reas como la Bio Tecnolog\u00eda y otras no habituales en la oferta educativa actual, con caracter\u00edsticas edilicias especiales, horarios y formaci\u00f3n diferentes.<\/p>\n\n\n\n<p>Fuente: Prensa Municipal.<\/p>\n\n\n\n<p>Foto de archivo.<\/p>\n","protected":false},"excerpt":{"rendered":"<p>As\u00ed lo anunciaron al municipio, desde la direcci\u00f3n del Programa Avanzado de Educaci\u00f3n Secundaria. D\u00edas pasados, la Municipalidad de la&hellip;<\/p>\n","protected":false},"author":3,"featured_media":1954,"comment_status":"closed","ping_status":"open","sticky":false,"template":"","format":"standard","meta":{"footnotes":""},"categories":[830,829],"tags":[66,67,836,253,310,403,404,405,527,555,556,572],"class_list":["post-1953","post","type-post","status-publish","format-standard","has-post-thumbnail","hentry","category-educacion-online","category-municipales-online","tag-arroyito","tag-arroyito-cordoba","tag-arroyito-online","tag-cravero","tag-educacion","tag-gobierno","tag-gobierno-de-cordoba","tag-gobierno-de-la-provincia","tag-mauricio-cravero","tag-municipalidad","tag-municipalidad-de-arroyito","tag-noticias-de-arroyito-y-zona"],"_links":{"self":[{"href":"https:\/\/arroyitoonline.com.ar\/index.php?rest_route=\/wp\/v2\/posts\/1953","targetHints":{"allow":["GET"]}}],"collection":[{"href":"https:\/\/arroyitoonline.com.ar\/index.php?rest_route=\/wp\/v2\/posts"}],"about":[{"href":"https:\/\/arroyitoonline.com.ar\/index.php?rest_route=\/wp\/v2\/types\/post"}],"author":[{"embeddable":true,"href":"https:\/\/arroyitoonline.com.ar\/index.php?rest_route=\/wp\/v2\/users\/3"}],"replies":[{"embeddable":true,"href":"https:\/\/arroyitoonline.com.ar\/index.php?rest_route=%2Fwp%2Fv2%2Fcomments&post=1953"}],"version-history":[{"count":1,"href":"https:\/\/arroyitoonline.com.ar\/index.php?rest_route=\/wp\/v2\/posts\/1953\/revisions"}],"predecessor-version":[{"id":1955,"href":"https:\/\/arroyitoonline.com.ar\/index.php?rest_route=\/wp\/v2\/posts\/1953\/revisions\/1955"}],"wp:featuredmedia":[{"embeddable":true,"href":"https:\/\/arroyitoonline.com.ar\/index.php?rest_route=\/wp\/v2\/media\/1954"}],"wp:attachment":[{"href":"https:\/\/arroyitoonline.com.ar\/index.php?rest_route=%2Fwp%2Fv2%2Fmedia&parent=1953"}],"wp:term":[{"taxonomy":"category","embeddable":true,"href":"https:\/\/arroyitoonline.com.ar\/index.php?rest_route=%2Fwp%2Fv2%2Fcategories&post=1953"},{"taxonomy":"post_tag","embeddable":true,"href":"https:\/\/arroyitoonline.com.ar\/index.php?rest_route=%2Fwp%2Fv2%2Ftags&post=1953"}],"curies":[{"name":"wp","href":"https:\/\/api.w.org\/{rel}","templated":true}]}}