{"id":1961,"date":"2019-02-11T02:57:51","date_gmt":"2019-02-11T02:57:51","guid":{"rendered":"http:\/\/arroyitoonline.com.ar\/?p=1961"},"modified":"2019-02-11T19:15:28","modified_gmt":"2019-02-11T19:15:28","slug":"prorrogaron-el-llamado-a-licitacion-publica-para-la-ejecucion-de-las-cloacas-del-sur","status":"publish","type":"post","link":"https:\/\/arroyitoonline.com.ar\/?p=1961","title":{"rendered":"Prorrogaron el llamado a Licitaci\u00f3n P\u00fablica para la ejecuci\u00f3n de las cloacas del sur"},"content":{"rendered":"\n<p><strong>Lo hizo la secretar\u00eda provincial de Servicios P\u00fablicos, para que se\nlogre una mayor concurrencia de oferentes.<\/strong><\/p>\n\n\n\n<p>La secretar\u00eda provincial de Servicios P\u00fablicos prorrog\u00f3 el llamado a Licitaci\u00f3n P\u00fablica para la ejecuci\u00f3n del \u201cSaneamiento de la localidad de Arroyito \u2013 obra: cloaca m\u00e1xima e instalaciones complementarias, zona sur (Departamento San Justo)\u201d, a los fines de que se logre una mayor concurrencia de oferentes. Por lo tanto, el pr\u00f3ximo vencimiento fue emplazado para el pr\u00f3ximo 7 de marzo, a las 12 del mediod\u00eda, en la sala auditorio del Ministerio de Agua, Ambiente y Servicios P\u00fablicos.&nbsp;<\/p>\n\n\n\n<figure class=\"wp-block-image\"><img loading=\"lazy\" decoding=\"async\" width=\"1024\" height=\"576\" src=\"http:\/\/arroyitoonline.com.ar\/wp-content\/uploads\/2019\/02\/pr\u00f3rroga-cloacas-sur_Fotor_20190211-1024x576.jpg\" alt=\"\" class=\"wp-image-1964\" srcset=\"https:\/\/arroyitoonline.com.ar\/wp-content\/uploads\/2019\/02\/pr\u00f3rroga-cloacas-sur_Fotor_20190211-1024x576.jpg 1024w, https:\/\/arroyitoonline.com.ar\/wp-content\/uploads\/2019\/02\/pr\u00f3rroga-cloacas-sur_Fotor_20190211-300x169.jpg 300w, https:\/\/arroyitoonline.com.ar\/wp-content\/uploads\/2019\/02\/pr\u00f3rroga-cloacas-sur_Fotor_20190211-768x432.jpg 768w, https:\/\/arroyitoonline.com.ar\/wp-content\/uploads\/2019\/02\/pr\u00f3rroga-cloacas-sur_Fotor_20190211.jpg 1039w\" sizes=\"auto, (max-width: 1024px) 100vw, 1024px\" \/><figcaption><em>La nota enviada por la secretar\u00eda provincial de Servicios P\u00fablicos, anunciando la pr\u00f3rroga.<\/em><\/figcaption><\/figure>\n\n\n\n<p><strong>Sobre la obra<\/strong><\/p>\n\n\n\n<p>El Presupuesto Oficial de la presente\nobra asciende a la suma de pesos setenta y cuatro millones quinientos sesenta\nmil ochocientos ochenta y uno con 50\/100 ($74.560.881,50), incluido IVA.<\/p>\n\n\n\n<p>Desde el Municipio local recordaron que la obra de\ndesag\u00fces cloacales del sector sur&nbsp;<em>\u201cfue gestionada por nuestro\nintendente junto al secretario de Obras P\u00fablica Daniel Lafarina y anunciada por\nel gobernador en la \u00faltima visita a nuestra ciudad. Abarca la red troncal de\ndi\u00e1metros 335 mm y superiores, la planta de pre tratamiento con su respectiva\nestaci\u00f3n de bombeo y el conducto nexo entre esta y la planta de tratamiento de\nefluentes de Arcor\u201d<\/em>.<\/p>\n\n\n\n<p>Fuente: Prensa Municipal.\n\nFoto: captura YouTube\nEnlace Externo Agencia de Publicidad \u2013 Planta de Tratamiento de Efluentes\nComplejo Arroyito Grupo Arcor.\n\n\n\n<\/p>\n","protected":false},"excerpt":{"rendered":"<p>Lo hizo la secretar\u00eda provincial de Servicios P\u00fablicos, para que se logre una mayor concurrencia de oferentes. La secretar\u00eda provincial&hellip;<\/p>\n","protected":false},"author":3,"featured_media":1976,"comment_status":"closed","ping_status":"open","sticky":false,"template":"","format":"standard","meta":{"footnotes":""},"categories":[835],"tags":[66,67,836,205,253,404,405,454,837,495,527,555,556,720],"class_list":["post-1961","post","type-post","status-publish","format-standard","has-post-thumbnail","hentry","category-info-online","tag-arroyito","tag-arroyito-cordoba","tag-arroyito-online","tag-cloacas","tag-cravero","tag-gobierno-de-cordoba","tag-gobierno-de-la-provincia","tag-intendente","tag-lafarina","tag-licitacion","tag-mauricio-cravero","tag-municipalidad","tag-municipalidad-de-arroyito","tag-sector-sur"],"_links":{"self":[{"href":"https:\/\/arroyitoonline.com.ar\/index.php?rest_route=\/wp\/v2\/posts\/1961","targetHints":{"allow":["GET"]}}],"collection":[{"href":"https:\/\/arroyitoonline.com.ar\/index.php?rest_route=\/wp\/v2\/posts"}],"about":[{"href":"https:\/\/arroyitoonline.com.ar\/index.php?rest_route=\/wp\/v2\/types\/post"}],"author":[{"embeddable":true,"href":"https:\/\/arroyitoonline.com.ar\/index.php?rest_route=\/wp\/v2\/users\/3"}],"replies":[{"embeddable":true,"href":"https:\/\/arroyitoonline.com.ar\/index.php?rest_route=%2Fwp%2Fv2%2Fcomments&post=1961"}],"version-history":[{"count":3,"href":"https:\/\/arroyitoonline.com.ar\/index.php?rest_route=\/wp\/v2\/posts\/1961\/revisions"}],"predecessor-version":[{"id":1977,"href":"https:\/\/arroyitoonline.com.ar\/index.php?rest_route=\/wp\/v2\/posts\/1961\/revisions\/1977"}],"wp:featuredmedia":[{"embeddable":true,"href":"https:\/\/arroyitoonline.com.ar\/index.php?rest_route=\/wp\/v2\/media\/1976"}],"wp:attachment":[{"href":"https:\/\/arroyitoonline.com.ar\/index.php?rest_route=%2Fwp%2Fv2%2Fmedia&parent=1961"}],"wp:term":[{"taxonomy":"category","embeddable":true,"href":"https:\/\/arroyitoonline.com.ar\/index.php?rest_route=%2Fwp%2Fv2%2Fcategories&post=1961"},{"taxonomy":"post_tag","embeddable":true,"href":"https:\/\/arroyitoonline.com.ar\/index.php?rest_route=%2Fwp%2Fv2%2Ftags&post=1961"}],"curies":[{"name":"wp","href":"https:\/\/api.w.org\/{rel}","templated":true}]}}