{"id":1968,"date":"2019-02-11T15:38:25","date_gmt":"2019-02-11T15:38:25","guid":{"rendered":"http:\/\/arroyitoonline.com.ar\/?p=1968"},"modified":"2019-02-11T15:38:26","modified_gmt":"2019-02-11T15:38:26","slug":"vuelven-los-peluqueros-solidarios-en-beneficio-de-dani-monje","status":"publish","type":"post","link":"https:\/\/arroyitoonline.com.ar\/?p=1968","title":{"rendered":"Vuelven los peluqueros solidarios, en beneficio de Dani Monje"},"content":{"rendered":"\n<p><strong>Karen Alemandi, Agust\u00edn\nAguirre,&nbsp;Mat\u00edas Ribet y Alfonsina Romero habilitar\u00e1n sus salones cambiando\nun corte por ayuda econ\u00f3mica para el joven que padece leucemia.<\/strong><strong><\/strong><\/p>\n\n\n\n<p>Karen Alemandi, Agust\u00edn Aguirre,\u00a0Mat\u00edas Ribet y Alfonsina Romero\u00a0son conocidos en Arroyito, como los peluqueros solidarios. Una vez por mes, los estilistas locales realizan cortes en sus salones pero, en vez de cobrarles a sus clientes, cambian el servicio por un juguete o un alimento. Por ejemplo, en Nochebuena hab\u00edan repartido esas donaciones en una camioneta particular, por las calles de la ciudad.<\/p>\n\n\n\n<figure class=\"wp-block-image\"><img loading=\"lazy\" decoding=\"async\" width=\"1024\" height=\"576\" src=\"http:\/\/arroyitoonline.com.ar\/wp-content\/uploads\/2019\/02\/51608116_2185440595049969_5511374949886984192_n-1024x576.jpg\" alt=\"\" class=\"wp-image-1970\" srcset=\"https:\/\/arroyitoonline.com.ar\/wp-content\/uploads\/2019\/02\/51608116_2185440595049969_5511374949886984192_n-1024x576.jpg 1024w, https:\/\/arroyitoonline.com.ar\/wp-content\/uploads\/2019\/02\/51608116_2185440595049969_5511374949886984192_n-300x169.jpg 300w, https:\/\/arroyitoonline.com.ar\/wp-content\/uploads\/2019\/02\/51608116_2185440595049969_5511374949886984192_n-768x432.jpg 768w, https:\/\/arroyitoonline.com.ar\/wp-content\/uploads\/2019\/02\/51608116_2185440595049969_5511374949886984192_n.jpg 1708w\" sizes=\"auto, (max-width: 1024px) 100vw, 1024px\" \/><figcaption><em>La invitaci\u00f3n a colaborar con Dani.<\/em><\/figcaption><\/figure>\n\n\n\n<p>Hoy lunes 11, de 15:00 a 18:00 horas, estar\u00e1n en PRIMAR \u2013Ballat Hubaide 376-, TIRATE LOS PELOS \u201324 de Septiembre 759- y THE BARBER SHOP \u2013Carratal\u00e1 150- haciendo cortes solidarios en beneficio de Daniel Monje, quien padece leucemia. En los tres locales pueden encontrarse los puntos de recaudaci\u00f3n. Te cortes o no, pod\u00e9s ayudar y al precio del servicio lo pon\u00e9s vos.\u00a0Luego, esas donaciones ser\u00e1n entregadas a la familia del joven beneficiado. <\/p>\n","protected":false},"excerpt":{"rendered":"<p>Karen Alemandi, Agust\u00edn Aguirre,&nbsp;Mat\u00edas Ribet y Alfonsina Romero habilitar\u00e1n sus salones cambiando un corte por ayuda econ\u00f3mica para el joven&hellip;<\/p>\n","protected":false},"author":3,"featured_media":1969,"comment_status":"closed","ping_status":"open","sticky":false,"template":"","format":"standard","meta":{"footnotes":""},"categories":[860],"tags":[66,67,836,572,861,738],"class_list":["post-1968","post","type-post","status-publish","format-standard","has-post-thumbnail","hentry","category-solidaridad-online","tag-arroyito","tag-arroyito-cordoba","tag-arroyito-online","tag-noticias-de-arroyito-y-zona","tag-peluqueros-solidarios","tag-solidaridad"],"_links":{"self":[{"href":"https:\/\/arroyitoonline.com.ar\/index.php?rest_route=\/wp\/v2\/posts\/1968","targetHints":{"allow":["GET"]}}],"collection":[{"href":"https:\/\/arroyitoonline.com.ar\/index.php?rest_route=\/wp\/v2\/posts"}],"about":[{"href":"https:\/\/arroyitoonline.com.ar\/index.php?rest_route=\/wp\/v2\/types\/post"}],"author":[{"embeddable":true,"href":"https:\/\/arroyitoonline.com.ar\/index.php?rest_route=\/wp\/v2\/users\/3"}],"replies":[{"embeddable":true,"href":"https:\/\/arroyitoonline.com.ar\/index.php?rest_route=%2Fwp%2Fv2%2Fcomments&post=1968"}],"version-history":[{"count":1,"href":"https:\/\/arroyitoonline.com.ar\/index.php?rest_route=\/wp\/v2\/posts\/1968\/revisions"}],"predecessor-version":[{"id":1971,"href":"https:\/\/arroyitoonline.com.ar\/index.php?rest_route=\/wp\/v2\/posts\/1968\/revisions\/1971"}],"wp:featuredmedia":[{"embeddable":true,"href":"https:\/\/arroyitoonline.com.ar\/index.php?rest_route=\/wp\/v2\/media\/1969"}],"wp:attachment":[{"href":"https:\/\/arroyitoonline.com.ar\/index.php?rest_route=%2Fwp%2Fv2%2Fmedia&parent=1968"}],"wp:term":[{"taxonomy":"category","embeddable":true,"href":"https:\/\/arroyitoonline.com.ar\/index.php?rest_route=%2Fwp%2Fv2%2Fcategories&post=1968"},{"taxonomy":"post_tag","embeddable":true,"href":"https:\/\/arroyitoonline.com.ar\/index.php?rest_route=%2Fwp%2Fv2%2Ftags&post=1968"}],"curies":[{"name":"wp","href":"https:\/\/api.w.org\/{rel}","templated":true}]}}