{"id":1972,"date":"2019-02-11T19:13:18","date_gmt":"2019-02-11T19:13:18","guid":{"rendered":"http:\/\/arroyitoonline.com.ar\/?p=1972"},"modified":"2019-02-12T12:49:23","modified_gmt":"2019-02-12T12:49:23","slug":"detuvieron-a-joven-que-violo-una-exclusion-del-hogar","status":"publish","type":"post","link":"https:\/\/arroyitoonline.com.ar\/?p=1972","title":{"rendered":"Detuvieron a joven que viol\u00f3 una exclusi\u00f3n del hogar"},"content":{"rendered":"\n<p><strong>Tiene 28 a\u00f1os y pesaba sobre \u00e9l esa restricci\u00f3n, ya que hab\u00eda sido denunciado\npor violencia.<\/strong><\/p>\n\n\n\n<p>El s\u00e1bado a\nlas ocho de la ma\u00f1ana, personal policial asisti\u00f3 a un domicilio de la avenida\nDalle Mura. All\u00ed los uniformados entrevistaron a una mujer de 58 a\u00f1os, que les\nmanifest\u00f3 que hab\u00eda tenido problemas con uno de sus hijos. El joven (28) hab\u00eda\nsido excluido del hogar por una denuncia de violencia en su contra. <\/p>\n\n\n\n<p>Como consecuencia, la Polic\u00eda aprehendi\u00f3 y traslad\u00f3 al sujeto a la Comisar\u00eda local, donde se lo identific\u00f3. A continuaci\u00f3n, consultaron las directivas al magistrado de turno, quien dispuso que el hombre quede alojado por supuesto autor de desobediencia a la autoridad. <\/p>\n\n\n\n<p>Fuente: informe del comisario Cl\u00e9ver Salguero.<\/p>\n\n\n\n<p>Imagen solo a modo ilustrativo. <\/p>\n","protected":false},"excerpt":{"rendered":"<p>Tiene 28 a\u00f1os y pesaba sobre \u00e9l esa restricci\u00f3n, ya que hab\u00eda sido denunciado por violencia. El s\u00e1bado a las&hellip;<\/p>\n","protected":false},"author":3,"featured_media":1973,"comment_status":"closed","ping_status":"open","sticky":false,"template":"","format":"standard","meta":{"footnotes":""},"categories":[824],"tags":[66,67,836,285,572,635,637,638,825,808],"class_list":["post-1972","post","type-post","status-publish","format-standard","has-post-thumbnail","hentry","category-policiales-online","tag-arroyito","tag-arroyito-cordoba","tag-arroyito-online","tag-detencion","tag-noticias-de-arroyito-y-zona","tag-policia","tag-policiales","tag-policiales-arroyito","tag-policiales-online","tag-violencia"],"_links":{"self":[{"href":"https:\/\/arroyitoonline.com.ar\/index.php?rest_route=\/wp\/v2\/posts\/1972","targetHints":{"allow":["GET"]}}],"collection":[{"href":"https:\/\/arroyitoonline.com.ar\/index.php?rest_route=\/wp\/v2\/posts"}],"about":[{"href":"https:\/\/arroyitoonline.com.ar\/index.php?rest_route=\/wp\/v2\/types\/post"}],"author":[{"embeddable":true,"href":"https:\/\/arroyitoonline.com.ar\/index.php?rest_route=\/wp\/v2\/users\/3"}],"replies":[{"embeddable":true,"href":"https:\/\/arroyitoonline.com.ar\/index.php?rest_route=%2Fwp%2Fv2%2Fcomments&post=1972"}],"version-history":[{"count":1,"href":"https:\/\/arroyitoonline.com.ar\/index.php?rest_route=\/wp\/v2\/posts\/1972\/revisions"}],"predecessor-version":[{"id":1974,"href":"https:\/\/arroyitoonline.com.ar\/index.php?rest_route=\/wp\/v2\/posts\/1972\/revisions\/1974"}],"wp:featuredmedia":[{"embeddable":true,"href":"https:\/\/arroyitoonline.com.ar\/index.php?rest_route=\/wp\/v2\/media\/1973"}],"wp:attachment":[{"href":"https:\/\/arroyitoonline.com.ar\/index.php?rest_route=%2Fwp%2Fv2%2Fmedia&parent=1972"}],"wp:term":[{"taxonomy":"category","embeddable":true,"href":"https:\/\/arroyitoonline.com.ar\/index.php?rest_route=%2Fwp%2Fv2%2Fcategories&post=1972"},{"taxonomy":"post_tag","embeddable":true,"href":"https:\/\/arroyitoonline.com.ar\/index.php?rest_route=%2Fwp%2Fv2%2Ftags&post=1972"}],"curies":[{"name":"wp","href":"https:\/\/api.w.org\/{rel}","templated":true}]}}