{"id":1978,"date":"2019-02-11T19:43:31","date_gmt":"2019-02-11T19:43:31","guid":{"rendered":"http:\/\/arroyitoonline.com.ar\/?p=1978"},"modified":"2019-02-12T12:48:30","modified_gmt":"2019-02-12T12:48:30","slug":"un-hombre-fue-amenazado-por-tres-sujetos","status":"publish","type":"post","link":"https:\/\/arroyitoonline.com.ar\/?p=1978","title":{"rendered":"Un hombre fue amenazado por tres sujetos"},"content":{"rendered":"\n<p><strong>Dos de ellos\nson menores y fueron entregados a sus padres. El tercero, de 36 a\u00f1os, qued\u00f3\ndetenido. <\/strong><\/p>\n\n\n\n<p>A las 9:30 horas del s\u00e1bado, un hombre solicit\u00f3 la\npresencia de personal policial en un domicilio de calle General Paz. All\u00ed se\nencontraban tres sujetos, en apariencia uno de ellos armado.<\/p>\n\n\n\n<p>Por consiguiente, los uniformados que llegaron al lugar, interceptaron a las tres personas de sexo masculino y los palparon, no encontrando arma alguna en su poder. &nbsp;<\/p>\n\n\n\n<p>A continuaci\u00f3n, la Polic\u00eda identific\u00f3 a un hombre (47), el cual se\u00f1al\u00f3 que los otros tres lo hab\u00edan amenazado, por lo que fueron trasladados a la Comisar\u00eda.<\/p>\n\n\n\n<p>Acto seguido se realiz\u00f3 la consulta con el magistrado interviniente, quien dispuso que los dos menores de 17 a\u00f1os sean entregados a sus padres y el mayor (36) quede alojado por supuesto autor de amenazas.<\/p>\n\n\n\n<p>Fuente: informe del comisario Cl\u00e9ver Salguero. <\/p>\n\n\n\n<p>Foto: captura Canal 3.<\/p>\n","protected":false},"excerpt":{"rendered":"<p>Dos de ellos son menores y fueron entregados a sus padres. El tercero, de 36 a\u00f1os, qued\u00f3 detenido. A las&hellip;<\/p>\n","protected":false},"author":3,"featured_media":1979,"comment_status":"closed","ping_status":"open","sticky":false,"template":"","format":"standard","meta":{"footnotes":""},"categories":[824],"tags":[66,67,836,270,572,635,637,638,825],"class_list":["post-1978","post","type-post","status-publish","format-standard","has-post-thumbnail","hentry","category-policiales-online","tag-arroyito","tag-arroyito-cordoba","tag-arroyito-online","tag-delito","tag-noticias-de-arroyito-y-zona","tag-policia","tag-policiales","tag-policiales-arroyito","tag-policiales-online"],"_links":{"self":[{"href":"https:\/\/arroyitoonline.com.ar\/index.php?rest_route=\/wp\/v2\/posts\/1978","targetHints":{"allow":["GET"]}}],"collection":[{"href":"https:\/\/arroyitoonline.com.ar\/index.php?rest_route=\/wp\/v2\/posts"}],"about":[{"href":"https:\/\/arroyitoonline.com.ar\/index.php?rest_route=\/wp\/v2\/types\/post"}],"author":[{"embeddable":true,"href":"https:\/\/arroyitoonline.com.ar\/index.php?rest_route=\/wp\/v2\/users\/3"}],"replies":[{"embeddable":true,"href":"https:\/\/arroyitoonline.com.ar\/index.php?rest_route=%2Fwp%2Fv2%2Fcomments&post=1978"}],"version-history":[{"count":3,"href":"https:\/\/arroyitoonline.com.ar\/index.php?rest_route=\/wp\/v2\/posts\/1978\/revisions"}],"predecessor-version":[{"id":2021,"href":"https:\/\/arroyitoonline.com.ar\/index.php?rest_route=\/wp\/v2\/posts\/1978\/revisions\/2021"}],"wp:featuredmedia":[{"embeddable":true,"href":"https:\/\/arroyitoonline.com.ar\/index.php?rest_route=\/wp\/v2\/media\/1979"}],"wp:attachment":[{"href":"https:\/\/arroyitoonline.com.ar\/index.php?rest_route=%2Fwp%2Fv2%2Fmedia&parent=1978"}],"wp:term":[{"taxonomy":"category","embeddable":true,"href":"https:\/\/arroyitoonline.com.ar\/index.php?rest_route=%2Fwp%2Fv2%2Fcategories&post=1978"},{"taxonomy":"post_tag","embeddable":true,"href":"https:\/\/arroyitoonline.com.ar\/index.php?rest_route=%2Fwp%2Fv2%2Ftags&post=1978"}],"curies":[{"name":"wp","href":"https:\/\/api.w.org\/{rel}","templated":true}]}}