{"id":2061,"date":"2019-02-13T17:49:11","date_gmt":"2019-02-13T17:49:11","guid":{"rendered":"http:\/\/arroyitoonline.com.ar\/?p=2061"},"modified":"2019-02-15T13:16:07","modified_gmt":"2019-02-15T13:16:07","slug":"pami-genesio-piensa-que-el-anuncio-de-cravero-es-oportunismo-electoral","status":"publish","type":"post","link":"https:\/\/arroyitoonline.com.ar\/?p=2061","title":{"rendered":"PAMI: Genesio piensa que el anuncio de Cravero es \u201coportunismo electoral\u201d"},"content":{"rendered":"\n<p>Sobre la Resoluci\u00f3n que el edil present\u00f3 y el Concejo aprob\u00f3 en abril, donde se solicitaban gestiones locales para que se mejore el servicio, el vecinalista se mostr\u00f3 sorprendido de que la respuesta llegue <em>\u201creci\u00e9n en un a\u00f1o electoral\u201d, <\/em>porque, hasta ahora,<em> \u201ca nivel municipal se lavaron las manos\u201d<\/em>.<\/p>\n\n\n\n<p>En marzo de 2018, Wilson Genesio y Juan Jos\u00e9 Sileone, concejales del Bloque Vecinalismo Independiente presentaron, en el Concejo Deliberante, el Proyecto de Resoluci\u00f3n N\u00ba 01\/2018 denominado \u201cSolicitud de acciones ante Organismos Nacionales para el mejoramiento de las condiciones edilicias de la filial PAMI \u2013 Arroyito y su atenci\u00f3n al p\u00fablico\u201d. <\/p>\n\n\n\n<p>Este reclamo result\u00f3 acompa\u00f1ado por el resto de los ediles, y la Resoluci\u00f3n fue aprobada en el recinto por unanimidad, el 5 de abril pasado. <\/p>\n\n\n\n<figure class=\"wp-block-image\"><img loading=\"lazy\" decoding=\"async\" width=\"1024\" height=\"1024\" src=\"http:\/\/arroyitoonline.com.ar\/wp-content\/uploads\/2019\/02\/resoluci\u00f3n-genesio-pami-1024x1024.jpg\" alt=\"\" class=\"wp-image-2062\" srcset=\"https:\/\/arroyitoonline.com.ar\/wp-content\/uploads\/2019\/02\/resoluci\u00f3n-genesio-pami-1024x1024.jpg 1024w, https:\/\/arroyitoonline.com.ar\/wp-content\/uploads\/2019\/02\/resoluci\u00f3n-genesio-pami-150x150.jpg 150w, https:\/\/arroyitoonline.com.ar\/wp-content\/uploads\/2019\/02\/resoluci\u00f3n-genesio-pami-300x300.jpg 300w, https:\/\/arroyitoonline.com.ar\/wp-content\/uploads\/2019\/02\/resoluci\u00f3n-genesio-pami-768x768.jpg 768w, https:\/\/arroyitoonline.com.ar\/wp-content\/uploads\/2019\/02\/resoluci\u00f3n-genesio-pami.jpg 1920w\" sizes=\"auto, (max-width: 1024px) 100vw, 1024px\" \/><figcaption><em>El texto completo de la Resoluci\u00f3n aprobada por unanimidad.<\/em><\/figcaption><\/figure>\n\n\n\n<p>Asimismo, y transcurridos ocho meses de aquel momento, Genesio volvi\u00f3 a referirse al tema Fue luego de que el intendente hiciera el anuncio, en Arroyito Online, de que los turnos de PAMI podr\u00edan sacarse en el Punto Digital de la Casa de la Cultura. El concejal vecinalista se mostr\u00f3 sorprendido de que el primer mandatario se expresara <em>\u201creci\u00e9n en un a\u00f1o electoral\u201d<\/em>, porque <em>\u201cdesde abril hasta la fecha no ten\u00edamos respuesta y siempre apelamos a que el Municipio vea de hacer algo por nuestros abuelos. Cuando lo planteamos nosotros a nivel municipal es como que se lavaron las manos, diciendo que esos son Organismos Nacionales, que no tienen infraestructura necesaria, porque la Naci\u00f3n no est\u00e1 funcionando bien\u201d<\/em>.<\/p>\n\n\n\n<p>En cambio, desde el espacio que lidera el docente, consideran que <em>\u201cEl Municipio podr\u00eda hacer m\u00e1s, obtener una dependencia propia en donde atienda, no solamente PAMI, sino tambi\u00e9n AFIP y Anses, con un horario extendido, con otra modalidad para obtener los turnos, con mejores comodidades; donde la gente tenga acceso a agua fresca o, pueda servirse agua caliente para un caf\u00e9, t\u00e9 o mate, porque si tienen que esperar, que lo hagan en mejores condiciones\u201d<\/em>.<\/p>\n\n\n\n<p>El Proyecto presentado surgi\u00f3 <em>\u201cpor lo que los vecinos ven\u00edan manifestando\u201d.\u00a0En\u00a0cuanto\u00a0a\u00a0esto,\u00a0e<\/em>l referente vecinalista coment\u00f3 que <em>\u201cPedimos primero una audiencia con el responsable, Roberto Tabachi, para preguntarle si pod\u00edamos mejorar la situaci\u00f3n. (Tabachi) Dijo que eso es totalmente factible, pero que necesita de la ayuda del Municipio. Entonces elevamos un Proyecto, pidi\u00e9ndole al Intendente, que, ya que tiene buenas migas con el gobierno Nacional, arbitre los medios necesarios para llevar adelante estas gestiones, de proveerles un mejor espacio, para que nuestros abuelos puedan esperar en una sala c\u00f3moda y, al mismo tiempo, el Municipio preste de su infraestructura incluso de su personal, para que est\u00e9n mejor atendidos\u201d<\/em>, concluyendo que <em>\u201cNosotros consideramos que el Municipio puede hacer acciones en conjunto con PAMI y con Naci\u00f3n, para que puedan brindar mejores servicios\u201d<\/em>. <\/p>\n\n\n\n<p>\n\n[shortcode-variables slug=&#8221;gobiernodecordoba&#8221;]\n\n<\/p>\n\n\n\n<p><\/p>\n","protected":false},"excerpt":{"rendered":"<p>Sobre la Resoluci\u00f3n que el edil present\u00f3 y el Concejo aprob\u00f3 en abril, donde se solicitaban gestiones locales para que&hellip;<\/p>\n","protected":false},"author":3,"featured_media":2066,"comment_status":"closed","ping_status":"open","sticky":false,"template":"","format":"standard","meta":{"footnotes":""},"categories":[8],"tags":[66,67,836,226,227,401,555,556,572,856,660],"class_list":["post-2061","post","type-post","status-publish","format-standard","has-post-thumbnail","hentry","category-politica","tag-arroyito","tag-arroyito-cordoba","tag-arroyito-online","tag-concejo","tag-concejo-deliberante","tag-genesio","tag-municipalidad","tag-municipalidad-de-arroyito","tag-noticias-de-arroyito-y-zona","tag-pami","tag-proyecto"],"_links":{"self":[{"href":"https:\/\/arroyitoonline.com.ar\/index.php?rest_route=\/wp\/v2\/posts\/2061","targetHints":{"allow":["GET"]}}],"collection":[{"href":"https:\/\/arroyitoonline.com.ar\/index.php?rest_route=\/wp\/v2\/posts"}],"about":[{"href":"https:\/\/arroyitoonline.com.ar\/index.php?rest_route=\/wp\/v2\/types\/post"}],"author":[{"embeddable":true,"href":"https:\/\/arroyitoonline.com.ar\/index.php?rest_route=\/wp\/v2\/users\/3"}],"replies":[{"embeddable":true,"href":"https:\/\/arroyitoonline.com.ar\/index.php?rest_route=%2Fwp%2Fv2%2Fcomments&post=2061"}],"version-history":[{"count":3,"href":"https:\/\/arroyitoonline.com.ar\/index.php?rest_route=\/wp\/v2\/posts\/2061\/revisions"}],"predecessor-version":[{"id":2106,"href":"https:\/\/arroyitoonline.com.ar\/index.php?rest_route=\/wp\/v2\/posts\/2061\/revisions\/2106"}],"wp:featuredmedia":[{"embeddable":true,"href":"https:\/\/arroyitoonline.com.ar\/index.php?rest_route=\/wp\/v2\/media\/2066"}],"wp:attachment":[{"href":"https:\/\/arroyitoonline.com.ar\/index.php?rest_route=%2Fwp%2Fv2%2Fmedia&parent=2061"}],"wp:term":[{"taxonomy":"category","embeddable":true,"href":"https:\/\/arroyitoonline.com.ar\/index.php?rest_route=%2Fwp%2Fv2%2Fcategories&post=2061"},{"taxonomy":"post_tag","embeddable":true,"href":"https:\/\/arroyitoonline.com.ar\/index.php?rest_route=%2Fwp%2Fv2%2Ftags&post=2061"}],"curies":[{"name":"wp","href":"https:\/\/api.w.org\/{rel}","templated":true}]}}