{"id":2069,"date":"2019-02-13T18:53:39","date_gmt":"2019-02-13T18:53:39","guid":{"rendered":"http:\/\/arroyitoonline.com.ar\/?p=2069"},"modified":"2019-02-17T15:05:55","modified_gmt":"2019-02-17T15:05:55","slug":"puente-colgante-50-anos-uniendo-orillas","status":"publish","type":"post","link":"https:\/\/arroyitoonline.com.ar\/?p=2069","title":{"rendered":"Puente colgante: 50 a\u00f1os acercando orillas"},"content":{"rendered":"\n<p><strong>En sus bodas de oro,\nese caprichoso movedizo se luce como segunda maravilla de Arroyito. <\/strong><\/p>\n\n\n\n<p>El viernes pasado, el Municipio conmemor\u00f3 los 50 a\u00f1os de la inauguraci\u00f3n\ndel emblem\u00e1tico Puente Colgante, que brinda un paso peatonal uniendo la zona\nrural con la urbana, sobre el r\u00edo Xanaes. <\/p>\n\n\n\n<p>Cabe destacar que el puente, cuyo emplazamiento culmin\u00f3 el 26\nde enero de 1969, &nbsp;&nbsp;recibi\u00f3 el galard\u00f3n como una de las siete\nMaravillas de Arroyito, alz\u00e1ndose con el segundo lugar de la n\u00f3mina. <\/p>\n\n\n\n<p>Volviendo al festejo de cumplea\u00f1os, en el acto estuvieron\npresentes el intendente Mauricio Cravero, la viceintendente Graciela Tristany, el\nsecretario de Obras P\u00fablicas Daniel Lafarina, dem\u00e1s funcionarios del Ejecutivo,\nmiembros de la comisi\u00f3n del Club de Caza y Pesca, familiares de los hacedores\ndel puente, medios de prensa y vecinos.&nbsp;<\/p>\n\n\n\n<figure class=\"wp-block-embed-facebook wp-block-embed is-type-video is-provider-facebook\"><div class=\"wp-block-embed__wrapper\">\nhttps:\/\/www.facebook.com\/2352090848352136\/videos\/1988482061249946\/\n<\/div><\/figure>\n\n\n\n<p>A su tiempo, el director del Museo Municipal Jos\u00e9 Domingo\nMercado Gustavo Pav\u00f3n brind\u00f3 un breve relato sobre c\u00f3mo lleg\u00f3 esa pasarela hasta\nsu lugar actual. Luego habl\u00f3 \u201cBocha\u201d Micaelli, quien tambi\u00e9n hab\u00eda sido el\nelegido para la pronunciaci\u00f3n del discurso inaugural en 1969.<\/p>\n\n\n\n<p>En otro orden, Pav\u00f3n nombr\u00f3 a la Familia S\u00e1nchez de Bustamante, resaltando la <em>\u201caltruista decisi\u00f3n de don Mario, de donar este puente a la ciudad\u201d<\/em>. Por lo tanto, fue una buena oportunidad para escuchar a su hijo, Diego, y que luego Cravero entregara un reconocimiento a toda la familia. <\/p>\n\n\n\n<p>Adem\u00e1s, el Municipio aprovech\u00f3 este evento, para otorgarle&nbsp;una\ndistinci\u00f3n a Jos\u00e9 Belzor Vocos, hist\u00f3rico joyero, platero, orfebre criollo, premiado\ntirador e integrante de la Comisi\u00f3n del Club de Caza y Pesca. Desde la actual\ngesti\u00f3n justificaron el reconocimiento explicando que <em>\u201cArroyito est\u00e1 lleno de personas comprometidas que han llevado nuestro\nnombre a lo m\u00e1s alto, y en esta noche llena de nostalgias, reconocemos a uno de\nesos hombres hacedores y forjadores\u201d<\/em>. <\/p>\n\n\n\n<p><em>\u201cLas obras son siempre\ncumbres, traspasan en la historia a lo personal y a las personas\nconvirti\u00e9ndolas en eternas, pues quedan en la memoria a trav\u00e9s de sus legados\u201d<\/em>, se\u00f1alaron desde el gobierno\nmunicipal, agregando que <em>\u201cEsta gesti\u00f3n\nmunicipal est\u00e1 siempre agradecida hacia quienes hacen y construyen la ciudad\u201d<\/em>.\nA su tiempo, Cravero felicit\u00f3 por estas Bodas de Oro del Puente Colgante,\nagradeci\u00f3 a los presentes y los inst\u00f3 <em>\u201ca\nseguir recuperando nuestro Balneario\u201d<\/em>.&nbsp;<\/p>\n\n\n\n<p>Sobre el final, se inmortaliz\u00f3 el momento con el descubrimiento de una placa recordatoria en los 50 a\u00f1os del emplazamiento del Puente Colgante en su actual ubicaci\u00f3n. <\/p>\n\n\n\n<p> [shortcode-variables slug=&#8221;gobiernodecordoba&#8221;] <\/p>\n\n\n\n<p> [shortcode-variables slug=&#8221;anonima&#8221;]  <\/p>\n","protected":false},"excerpt":{"rendered":"<p>En sus bodas de oro, ese caprichoso movedizo se luce como segunda maravilla de Arroyito. El viernes pasado, el Municipio&hellip;<\/p>\n","protected":false},"author":3,"featured_media":2071,"comment_status":"closed","ping_status":"open","sticky":false,"template":"","format":"standard","meta":{"footnotes":""},"categories":[829],"tags":[66,67,836,253,454,837,527,868,555,556,572,663],"class_list":["post-2069","post","type-post","status-publish","format-standard","has-post-thumbnail","hentry","category-municipales-online","tag-arroyito","tag-arroyito-cordoba","tag-arroyito-online","tag-cravero","tag-intendente","tag-lafarina","tag-mauricio-cravero","tag-municipales-online","tag-municipalidad","tag-municipalidad-de-arroyito","tag-noticias-de-arroyito-y-zona","tag-puente-colgante"],"_links":{"self":[{"href":"https:\/\/arroyitoonline.com.ar\/index.php?rest_route=\/wp\/v2\/posts\/2069","targetHints":{"allow":["GET"]}}],"collection":[{"href":"https:\/\/arroyitoonline.com.ar\/index.php?rest_route=\/wp\/v2\/posts"}],"about":[{"href":"https:\/\/arroyitoonline.com.ar\/index.php?rest_route=\/wp\/v2\/types\/post"}],"author":[{"embeddable":true,"href":"https:\/\/arroyitoonline.com.ar\/index.php?rest_route=\/wp\/v2\/users\/3"}],"replies":[{"embeddable":true,"href":"https:\/\/arroyitoonline.com.ar\/index.php?rest_route=%2Fwp%2Fv2%2Fcomments&post=2069"}],"version-history":[{"count":5,"href":"https:\/\/arroyitoonline.com.ar\/index.php?rest_route=\/wp\/v2\/posts\/2069\/revisions"}],"predecessor-version":[{"id":2123,"href":"https:\/\/arroyitoonline.com.ar\/index.php?rest_route=\/wp\/v2\/posts\/2069\/revisions\/2123"}],"wp:featuredmedia":[{"embeddable":true,"href":"https:\/\/arroyitoonline.com.ar\/index.php?rest_route=\/wp\/v2\/media\/2071"}],"wp:attachment":[{"href":"https:\/\/arroyitoonline.com.ar\/index.php?rest_route=%2Fwp%2Fv2%2Fmedia&parent=2069"}],"wp:term":[{"taxonomy":"category","embeddable":true,"href":"https:\/\/arroyitoonline.com.ar\/index.php?rest_route=%2Fwp%2Fv2%2Fcategories&post=2069"},{"taxonomy":"post_tag","embeddable":true,"href":"https:\/\/arroyitoonline.com.ar\/index.php?rest_route=%2Fwp%2Fv2%2Ftags&post=2069"}],"curies":[{"name":"wp","href":"https:\/\/api.w.org\/{rel}","templated":true}]}}