{"id":2101,"date":"2019-02-15T13:59:51","date_gmt":"2019-02-15T13:59:51","guid":{"rendered":"http:\/\/arroyitoonline.com.ar\/?p=2101"},"modified":"2019-02-15T13:59:53","modified_gmt":"2019-02-15T13:59:53","slug":"lafarina-se-reunio-con-180-militantes-y-les-agradecio-el-acompanamiento","status":"publish","type":"post","link":"https:\/\/arroyitoonline.com.ar\/?p=2101","title":{"rendered":"Lafarina se reuni\u00f3 con 180 militantes y les agradeci\u00f3 el acompa\u00f1amiento"},"content":{"rendered":"\n<p><strong>En la oportunidad, conformaron una mesa que coordinar\u00e1 acciones de campa\u00f1a, con eje en que <\/strong><em><strong>\u201cDaniel intensifique su presencia en los barrios\u201d<\/strong><\/em><strong>. <\/strong><\/p>\n\n\n\n<p>Anoche, siempre cerca de Viviana Vercelli, Daniel Lafarina encabez\u00f3 una reuni\u00f3n para m\u00e1s de 180 militantes oficialistas. Con un en\u00e9rgico discurso, el precandidato a intendente radical pidi\u00f3 que se redoblen los esfuerzos, pero tambi\u00e9n agradeci\u00f3 <em>\u201cel compromiso y la incre\u00edble repercusi\u00f3n que viene teniendo la campa\u00f1a desde el lanzamiento\u201d<\/em>. <\/p>\n\n\n\n<p>En esta, como en oportunidades anteriores, se vio apuntalado por el intendente Mauricio Cravero, quien parece erigirse como jefe de campa\u00f1a de su funcionario preferido. En cuanto al (la) compa\u00f1ero(a) de f\u00f3rmula sigue el hermetismo, pero se impondr\u00edan dos alternativas: la encargada de la oficina de Empleo o el expresidente de una mutual. <\/p>\n\n\n\n<p>La propuesta del craverismo pretende correrse de los canones establecidos. De hecho <em>\u201cestamosplanteando una campa\u00f1a alejada de lo t\u00edpico, de las meras promesas\u201d<\/em>, afirmaron desde el n\u00facleo del ingeniero, y agregaron que <em>\u201ccreemos que las propuestas deben surgir de los vecinos y de los equipos t\u00e9cnicos, que est\u00e1n sumando profesionales en cada \u00e1rea\u201d<\/em>. <\/p>\n\n\n\n<figure class=\"wp-block-image\"><img loading=\"lazy\" decoding=\"async\" width=\"1024\" height=\"683\" src=\"http:\/\/arroyitoonline.com.ar\/wp-content\/uploads\/2019\/02\/Lafarina-y-equipo-1024x683.jpg\" alt=\"\" class=\"wp-image-2102\" srcset=\"https:\/\/arroyitoonline.com.ar\/wp-content\/uploads\/2019\/02\/Lafarina-y-equipo-1024x683.jpg 1024w, https:\/\/arroyitoonline.com.ar\/wp-content\/uploads\/2019\/02\/Lafarina-y-equipo-300x200.jpg 300w, https:\/\/arroyitoonline.com.ar\/wp-content\/uploads\/2019\/02\/Lafarina-y-equipo-768x512.jpg 768w, https:\/\/arroyitoonline.com.ar\/wp-content\/uploads\/2019\/02\/Lafarina-y-equipo.jpg 1080w\" sizes=\"auto, (max-width: 1024px) 100vw, 1024px\" \/><figcaption><em>Los incondicionales de Daniel. Cravero, una especie de jefe de campa\u00f1a. Laura Garc\u00eda, \u00bfal Tribunal de Cuentas? y una de las que m\u00e1s suena para la viceintendencia, Viviana Vercelli. <\/em><\/figcaption><\/figure>\n\n\n\n<p>Adem\u00e1s, aprovecharon la reuni\u00f3n conformando una mesa que coordinar\u00e1 las acciones de campa\u00f1a, con eje en que <em>\u201cDaniel intensifique su presencia en los barrios\u201d<\/em>. Los pr\u00f3ximos encuentros del candidato oficialista ser\u00e1n coordinados por este grupo de trabajo. Al mismo tiempo, designaron tareas de log\u00edstica y del manejo de acciones puntuales que ir\u00e1n haciendo p\u00fablicas con el paso de los d\u00edas.  <\/p>\n\n\n\n<p><em>\u201cGracias infinitas a cada uno de los que hoy reafirm\u00f3 su compromiso con este desaf\u00edo que estamos emprendiendo juntos, gracias por su acompa\u00f1amiento, gracias por sumarse, por cada mensaje para que los visite, gracias por cada `cont\u00e1 conmigo, Daniel, vamos a seguir acompa\u00f1ando a esta gesti\u00f3n\u00b4. Me siento feliz de tener tremendo equipo de campa\u00f1a. Salimos a las calles a escucharlos, acompa\u00f1ados de ustedes. Estamos firmes, seguimos sumando, creciendo, corrigiendo y escuchando. Sigamos juntos\u201d<\/em>, escribi\u00f3 el secretario de Obras P\u00fablicas en su biograf\u00eda de Instagram, minutos despu\u00e9s de culminado el evento. <\/p>\n\n\n\n<p>Adem\u00e1s, si bien Lafarina realiz\u00f3 un agradecimiento generalizado a quienes lo siguen, lo hizo de modo particular con la directora M\u00e9dica del Hospital M\u00f3nica Rodr\u00edguez, por su \u201c<em>apoyo y compromiso\u201d<\/em>. <\/p>\n\n\n\n<p>En otro orden, desde el entorno del ingeniero conf\u00edan en que, de todos los precandidatos, ser\u00eda el que, de manera p\u00fablica, est\u00e1 m\u00e1s organizado y con estructura de acci\u00f3n.   <\/p>\n","protected":false},"excerpt":{"rendered":"<p>En la oportunidad, conformaron una mesa que coordinar\u00e1 acciones de campa\u00f1a, con eje en que \u201cDaniel intensifique su presencia en&hellip;<\/p>\n","protected":false},"author":3,"featured_media":2110,"comment_status":"closed","ping_status":"open","sticky":false,"template":"","format":"standard","meta":{"footnotes":""},"categories":[8],"tags":[66,67,836,869,253,318,837,527,640],"class_list":["post-2101","post","type-post","status-publish","format-standard","has-post-thumbnail","hentry","category-politica","tag-arroyito","tag-arroyito-cordoba","tag-arroyito-online","tag-campana-electoral","tag-cravero","tag-elecciones","tag-lafarina","tag-mauricio-cravero","tag-politica"],"_links":{"self":[{"href":"https:\/\/arroyitoonline.com.ar\/index.php?rest_route=\/wp\/v2\/posts\/2101","targetHints":{"allow":["GET"]}}],"collection":[{"href":"https:\/\/arroyitoonline.com.ar\/index.php?rest_route=\/wp\/v2\/posts"}],"about":[{"href":"https:\/\/arroyitoonline.com.ar\/index.php?rest_route=\/wp\/v2\/types\/post"}],"author":[{"embeddable":true,"href":"https:\/\/arroyitoonline.com.ar\/index.php?rest_route=\/wp\/v2\/users\/3"}],"replies":[{"embeddable":true,"href":"https:\/\/arroyitoonline.com.ar\/index.php?rest_route=%2Fwp%2Fv2%2Fcomments&post=2101"}],"version-history":[{"count":1,"href":"https:\/\/arroyitoonline.com.ar\/index.php?rest_route=\/wp\/v2\/posts\/2101\/revisions"}],"predecessor-version":[{"id":2111,"href":"https:\/\/arroyitoonline.com.ar\/index.php?rest_route=\/wp\/v2\/posts\/2101\/revisions\/2111"}],"wp:featuredmedia":[{"embeddable":true,"href":"https:\/\/arroyitoonline.com.ar\/index.php?rest_route=\/wp\/v2\/media\/2110"}],"wp:attachment":[{"href":"https:\/\/arroyitoonline.com.ar\/index.php?rest_route=%2Fwp%2Fv2%2Fmedia&parent=2101"}],"wp:term":[{"taxonomy":"category","embeddable":true,"href":"https:\/\/arroyitoonline.com.ar\/index.php?rest_route=%2Fwp%2Fv2%2Fcategories&post=2101"},{"taxonomy":"post_tag","embeddable":true,"href":"https:\/\/arroyitoonline.com.ar\/index.php?rest_route=%2Fwp%2Fv2%2Ftags&post=2101"}],"curies":[{"name":"wp","href":"https:\/\/api.w.org\/{rel}","templated":true}]}}