{"id":2112,"date":"2019-02-16T23:58:00","date_gmt":"2019-02-16T23:58:00","guid":{"rendered":"http:\/\/arroyitoonline.com.ar\/?p=2112"},"modified":"2019-02-16T23:58:02","modified_gmt":"2019-02-16T23:58:02","slug":"cacho-maldini-les-vamos-a-dar-un-susto-en-las-internas","status":"publish","type":"post","link":"https:\/\/arroyitoonline.com.ar\/?p=2112","title":{"rendered":"Cacho Maldini: \u201cles vamos a dar un susto en las internas\u201d"},"content":{"rendered":"\n<p><strong>En su lanzamiento de campa\u00f1a, el comerciante se mostr\u00f3 confiado, de cara a lo que ser\u00eda una contienda entre precandidatos de la UCR.<\/strong><\/p>\n\n\n\n<p>Esta noche, y ante unos 200 asistentes, Carlos Maldini realiz\u00f3 el lanzamiento de su campa\u00f1a bajo el lema <em>\u201cArroyito para todos\u201d<\/em>. El lugar elegido fue el sal\u00f3n de fiestas de H\u00e9ctor Sosa ubicado en la calle Dora de Rodr\u00edguez. Seg\u00fan lo explic\u00f3 el precandidato, haber optado por el sector sur no fue casualidad, ya que la ciudad crece y se expande hacia esa zona, debido a que, en el norte, existe un l\u00edmite natural que es el r\u00edo.  <\/p>\n\n\n\n<p>Adem\u00e1s del sonido de los bombos, los aplausos llegaron en algunos pasajes del discurso del comerciante devenido en pol\u00edtico. Por ejemplo, cuando anunci\u00f3 que ni \u00e9l ni su vice Jos\u00e9 Angeli repetir\u00e1n candidaturas como primer y segundo concejales. Ocurri\u00f3 lo mismo en el momento en el que remarc\u00f3 que, si llegara a la intendencia, no ir\u00eda por la reelecci\u00f3n. <\/p>\n\n\n\n<p>En otro orden, Cacho declar\u00f3, una vez m\u00e1s, que quiere que se implemente la tecnolog\u00eda para que el vecino, en su casa, pueda revisar todo lo que pasa en el Municipio. En tanto que el precandidato consider\u00f3 que <em>\u201cse construyen 500 casas en un per\u00edodo de gobierno, pero hay que tratar de hacer 1.000, y saber c\u00f3mo se van a financiar\u201d<\/em>. <\/p>\n\n\n\n<p>Adem\u00e1s, cuando desde Arroyito Online fue consultado por la participaci\u00f3n de su hermano Claudio en el tema salud, Cacho sorprendi\u00f3 remarcando que no es el m\u00e9dico de su familia quien lo asesora en esa \u00e1rea. <\/p>\n\n\n\n<figure class=\"wp-block-embed-facebook wp-block-embed is-type-video is-provider-facebook\"><div class=\"wp-block-embed__wrapper\">\nhttps:\/\/www.facebook.com\/2352090848352136\/videos\/379914969492622\/\n<\/div><\/figure>\n\n\n\n<p>Por su parte, sobre las negociaciones con otros precandidatos agreg\u00f3 que<em> \u201cPor el momento no, pero en la pol\u00edtica hasta el \u00faltimo d\u00eda no est\u00e1 dicha la \u00faltima palabra. Las uniones y los arreglos pueden hacerse hasta el \u00faltimo d\u00eda. Nosotros vamos a confiar en nuestra fuerza y en lo que nos digan nuestras encuestas y ah\u00ed evaluaremos lo que tenemos que hacer, llegado el momento\u201d<\/em>. <\/p>\n\n\n\n<p><em>\u201cLa gente de Arroyito es muy inteligente, vota por la lista que mejores personas tiene. Nuestro inter\u00e9s es poder trabajar por el bienestar de la gente. En cambio el inter\u00e9s de las otras listas es conocido. Una est\u00e1 peleando por volver y la otra por seguir\u201d<\/em>, asever\u00f3 un efusivo Maldini, ante la mirada de amigos, familiares y colegas empresarios que lo acompa\u00f1aban.<\/p>\n\n\n\n<p>Sobre el cierre, el actual presidente del Club Deportivo y Cultural Arroyito asegur\u00f3 que \u201cNecesitamos, no que nos voten, sino que nos apoyen, que vamos a llegar al gobierno municipal, con gente honesta y pr\u00e1ctica, profesionales, id\u00f3neos, gente como todos nosotros, gente com\u00fan. Si hay algo que nos sobra, por haber estado en ciertas instituciones, es coraje. No tenemos miedo, tenemos mucha valent\u00eda, y ni se nos cruza hoy en nuestra mente, perder la interna de la Uni\u00f3n C\u00edvica Radical. Por \u00faltimo, llam\u00f3 a los independientes a acompa\u00f1arlo: <em>\u201cnos tienen que llevar al triunfo en 2019\u201d<\/em>. <\/p>\n","protected":false},"excerpt":{"rendered":"<p>En su lanzamiento de campa\u00f1a, el comerciante se mostr\u00f3 confiado, de cara a lo que ser\u00eda una contienda entre precandidatos&hellip;<\/p>\n","protected":false},"author":3,"featured_media":2114,"comment_status":"closed","ping_status":"open","sticky":false,"template":"","format":"standard","meta":{"footnotes":""},"categories":[8],"tags":[66,67,836,872,318,870,873,640,871],"class_list":["post-2112","post","type-post","status-publish","format-standard","has-post-thumbnail","hentry","category-politica","tag-arroyito","tag-arroyito-cordoba","tag-arroyito-online","tag-cacho","tag-elecciones","tag-interna-radical","tag-maldini","tag-politica","tag-radicalismo"],"_links":{"self":[{"href":"https:\/\/arroyitoonline.com.ar\/index.php?rest_route=\/wp\/v2\/posts\/2112","targetHints":{"allow":["GET"]}}],"collection":[{"href":"https:\/\/arroyitoonline.com.ar\/index.php?rest_route=\/wp\/v2\/posts"}],"about":[{"href":"https:\/\/arroyitoonline.com.ar\/index.php?rest_route=\/wp\/v2\/types\/post"}],"author":[{"embeddable":true,"href":"https:\/\/arroyitoonline.com.ar\/index.php?rest_route=\/wp\/v2\/users\/3"}],"replies":[{"embeddable":true,"href":"https:\/\/arroyitoonline.com.ar\/index.php?rest_route=%2Fwp%2Fv2%2Fcomments&post=2112"}],"version-history":[{"count":1,"href":"https:\/\/arroyitoonline.com.ar\/index.php?rest_route=\/wp\/v2\/posts\/2112\/revisions"}],"predecessor-version":[{"id":2115,"href":"https:\/\/arroyitoonline.com.ar\/index.php?rest_route=\/wp\/v2\/posts\/2112\/revisions\/2115"}],"wp:featuredmedia":[{"embeddable":true,"href":"https:\/\/arroyitoonline.com.ar\/index.php?rest_route=\/wp\/v2\/media\/2114"}],"wp:attachment":[{"href":"https:\/\/arroyitoonline.com.ar\/index.php?rest_route=%2Fwp%2Fv2%2Fmedia&parent=2112"}],"wp:term":[{"taxonomy":"category","embeddable":true,"href":"https:\/\/arroyitoonline.com.ar\/index.php?rest_route=%2Fwp%2Fv2%2Fcategories&post=2112"},{"taxonomy":"post_tag","embeddable":true,"href":"https:\/\/arroyitoonline.com.ar\/index.php?rest_route=%2Fwp%2Fv2%2Ftags&post=2112"}],"curies":[{"name":"wp","href":"https:\/\/api.w.org\/{rel}","templated":true}]}}