{"id":2124,"date":"2019-02-13T15:17:34","date_gmt":"2019-02-13T15:17:34","guid":{"rendered":"http:\/\/arroyitoonline.com.ar\/?p=2124"},"modified":"2019-02-17T15:34:41","modified_gmt":"2019-02-17T15:34:41","slug":"el-barrio-arcor-ya-tiene-su-punto-verde","status":"publish","type":"post","link":"https:\/\/arroyitoonline.com.ar\/?p=2124","title":{"rendered":"El Barrio Arcor ya tiene su punto verde"},"content":{"rendered":"\n<p><strong>El sexto espacio para el desecho de pl\u00e1sticos, vidrios y papel, est\u00e1\nemplazado en el predio del Centro Cultural y Vecinal Enrique Brizio. <\/strong><\/p>\n\n\n\n<p>El martes 12, la Municipalidad\ninaugur\u00f3 el sexto punto verde de la ciudad, emplazado en el Barrio Arcor. Encabez\u00f3\nel acto el &nbsp;intendente&nbsp; Mauricio&nbsp; Cravero. Tambi\u00e9n participaron\nla viceintendente Graciela Tristany,&nbsp; secretarios del Ejecutivo,\ndirectores y coordinadores de \u00e1reas municipales, miembros de la junta Ejecutiva\ndel Plan Estrat\u00e9gico, representantes del Centro Cultural y Vecinal Enrique\nBrizio, miembros de las ONG Actitud Eco e Infancia Segura y vecinos del sector.\n<\/p>\n\n\n\n<p>De esta manera, la sexta puesta\nen marcha corresponde al lanzamiento de la primera etapa del programa de separaci\u00f3n\nde residuos, acci\u00f3n que se&nbsp; encuadra dentro del proyecto de gesti\u00f3n\nintegral de residuos s\u00f3lidos&nbsp;urbanos del Plan Estrat\u00e9gico.<\/p>\n\n\n\n<figure class=\"wp-block-embed-facebook wp-block-embed\"><div class=\"wp-block-embed__wrapper\">\nhttps:\/\/www.facebook.com\/2352090848352136\/videos\/540297919798697\/\n<\/div><\/figure>\n\n\n\n<p>Por consiguiente, los oradores\nfueron Imanol Listello, por parte de Actitud Eco, el encargado del programa que\nincluye los puntos verdes, Hugo Sosa, y Cravero, quien agradeci\u00f3 y solicito <em>\u201cque todos nos comprometamos con el\nfuncionamiento de los puntos\u201d<\/em>.<\/p>\n\n\n\n<p>Adem\u00e1s el vicario parroquial Marcelo Cereda realiz\u00f3 la bendici\u00f3n. Luego, todos juntos descubrieron los contenedores que ya est\u00e1n en plena acci\u00f3n.\u00a0 En s\u00edntesis, los residuos pl\u00e1sticos, papeles o cartones y vidrios que se generen los hogares deber\u00e1n acercarse a estos lugares, con los contenedores para cada tipo de basura seca. <\/p>\n\n\n\n<p>Fuente: Prensa Municipal. <\/p>\n","protected":false},"excerpt":{"rendered":"<p>El sexto espacio para el desecho de pl\u00e1sticos, vidrios y papel, est\u00e1 emplazado en el predio del Centro Cultural y&hellip;<\/p>\n","protected":false},"author":3,"featured_media":2126,"comment_status":"closed","ping_status":"open","sticky":false,"template":"","format":"standard","meta":{"footnotes":""},"categories":[829],"tags":[253,454,527,868,555,556,626,874,675],"class_list":["post-2124","post","type-post","status-publish","format-standard","has-post-thumbnail","hentry","category-municipales-online","tag-cravero","tag-intendente","tag-mauricio-cravero","tag-municipales-online","tag-municipalidad","tag-municipalidad-de-arroyito","tag-plan-estrategico","tag-puntos-verdes","tag-recoleccion-de-residuos"],"_links":{"self":[{"href":"https:\/\/arroyitoonline.com.ar\/index.php?rest_route=\/wp\/v2\/posts\/2124","targetHints":{"allow":["GET"]}}],"collection":[{"href":"https:\/\/arroyitoonline.com.ar\/index.php?rest_route=\/wp\/v2\/posts"}],"about":[{"href":"https:\/\/arroyitoonline.com.ar\/index.php?rest_route=\/wp\/v2\/types\/post"}],"author":[{"embeddable":true,"href":"https:\/\/arroyitoonline.com.ar\/index.php?rest_route=\/wp\/v2\/users\/3"}],"replies":[{"embeddable":true,"href":"https:\/\/arroyitoonline.com.ar\/index.php?rest_route=%2Fwp%2Fv2%2Fcomments&post=2124"}],"version-history":[{"count":1,"href":"https:\/\/arroyitoonline.com.ar\/index.php?rest_route=\/wp\/v2\/posts\/2124\/revisions"}],"predecessor-version":[{"id":2127,"href":"https:\/\/arroyitoonline.com.ar\/index.php?rest_route=\/wp\/v2\/posts\/2124\/revisions\/2127"}],"wp:featuredmedia":[{"embeddable":true,"href":"https:\/\/arroyitoonline.com.ar\/index.php?rest_route=\/wp\/v2\/media\/2126"}],"wp:attachment":[{"href":"https:\/\/arroyitoonline.com.ar\/index.php?rest_route=%2Fwp%2Fv2%2Fmedia&parent=2124"}],"wp:term":[{"taxonomy":"category","embeddable":true,"href":"https:\/\/arroyitoonline.com.ar\/index.php?rest_route=%2Fwp%2Fv2%2Fcategories&post=2124"},{"taxonomy":"post_tag","embeddable":true,"href":"https:\/\/arroyitoonline.com.ar\/index.php?rest_route=%2Fwp%2Fv2%2Ftags&post=2124"}],"curies":[{"name":"wp","href":"https:\/\/api.w.org\/{rel}","templated":true}]}}