{"id":2128,"date":"2019-02-11T15:37:06","date_gmt":"2019-02-11T15:37:06","guid":{"rendered":"http:\/\/arroyitoonline.com.ar\/?p=2128"},"modified":"2019-02-17T15:44:23","modified_gmt":"2019-02-17T15:44:23","slug":"angela-panero-de-lovera-soplo-100-velitas","status":"publish","type":"post","link":"https:\/\/arroyitoonline.com.ar\/?p=2128","title":{"rendered":"\u00c1ngela Panero de Lovera sopl\u00f3 100 velitas"},"content":{"rendered":"\n<p><strong>El viernes 8, la vecina de Arroyito cumpli\u00f3 un siglo de vida y fue visitada por funcionarios municipales.<\/strong><\/p>\n\n\n\n<p>El viernes 8 de febrero, la vecina de Arroyito \u00c1ngela Panero de Lovera festej\u00f3 sus 100 a\u00f1os de vida. <\/p>\n\n\n\n<p>\u00c9se d\u00eda, el intendente municipal Mauricio Cravero, junto al secretario de Obras P\u00fablicas y precandidato de la UCR Daniel Lafarina y la encargada de la oficina de Empleo Viviana Vercelli, visitaron y saludaron a la cumplea\u00f1era entreg\u00e1ndole un presente.  \u00a0<\/p>\n\n\n\n<p>Por consiguiente, los funcionarios compartieron <em>&#8220;un momento muy agradable con ella y su familia, recordando an\u00e9cdotas y recuerdos de todos estos a\u00f1os de vida&#8221;<\/em>, informaron desde la actual gesti\u00f3n municipal, al tiempo que remarcaron que es <em>&#8220;un verdadero orgullo para todos los arroyitenses. \u00a1Felicidades!&#8221;<\/em>. <\/p>\n\n\n\n<p>Fuente: Prensa Municipal. <\/p>\n","protected":false},"excerpt":{"rendered":"<p>El viernes 8, la vecina de Arroyito cumpli\u00f3 un siglo de vida y fue visitada por funcionarios municipales. El viernes&hellip;<\/p>\n","protected":false},"author":3,"featured_media":2129,"comment_status":"closed","ping_status":"open","sticky":false,"template":"","format":"standard","meta":{"footnotes":""},"categories":[6,829],"tags":[66,67,836,253,837,527,868,555,556],"class_list":["post-2128","post","type-post","status-publish","format-standard","has-post-thumbnail","hentry","category-interes-general","category-municipales-online","tag-arroyito","tag-arroyito-cordoba","tag-arroyito-online","tag-cravero","tag-lafarina","tag-mauricio-cravero","tag-municipales-online","tag-municipalidad","tag-municipalidad-de-arroyito"],"_links":{"self":[{"href":"https:\/\/arroyitoonline.com.ar\/index.php?rest_route=\/wp\/v2\/posts\/2128","targetHints":{"allow":["GET"]}}],"collection":[{"href":"https:\/\/arroyitoonline.com.ar\/index.php?rest_route=\/wp\/v2\/posts"}],"about":[{"href":"https:\/\/arroyitoonline.com.ar\/index.php?rest_route=\/wp\/v2\/types\/post"}],"author":[{"embeddable":true,"href":"https:\/\/arroyitoonline.com.ar\/index.php?rest_route=\/wp\/v2\/users\/3"}],"replies":[{"embeddable":true,"href":"https:\/\/arroyitoonline.com.ar\/index.php?rest_route=%2Fwp%2Fv2%2Fcomments&post=2128"}],"version-history":[{"count":1,"href":"https:\/\/arroyitoonline.com.ar\/index.php?rest_route=\/wp\/v2\/posts\/2128\/revisions"}],"predecessor-version":[{"id":2130,"href":"https:\/\/arroyitoonline.com.ar\/index.php?rest_route=\/wp\/v2\/posts\/2128\/revisions\/2130"}],"wp:featuredmedia":[{"embeddable":true,"href":"https:\/\/arroyitoonline.com.ar\/index.php?rest_route=\/wp\/v2\/media\/2129"}],"wp:attachment":[{"href":"https:\/\/arroyitoonline.com.ar\/index.php?rest_route=%2Fwp%2Fv2%2Fmedia&parent=2128"}],"wp:term":[{"taxonomy":"category","embeddable":true,"href":"https:\/\/arroyitoonline.com.ar\/index.php?rest_route=%2Fwp%2Fv2%2Fcategories&post=2128"},{"taxonomy":"post_tag","embeddable":true,"href":"https:\/\/arroyitoonline.com.ar\/index.php?rest_route=%2Fwp%2Fv2%2Ftags&post=2128"}],"curies":[{"name":"wp","href":"https:\/\/api.w.org\/{rel}","templated":true}]}}