{"id":2134,"date":"2019-02-15T17:02:40","date_gmt":"2019-02-15T17:02:40","guid":{"rendered":"http:\/\/arroyitoonline.com.ar\/?p=2134"},"modified":"2019-02-17T17:16:32","modified_gmt":"2019-02-17T17:16:32","slug":"mas-de-40-jovenes-comenzaron-practicas-laborales-en-31-empresas-locales","status":"publish","type":"post","link":"https:\/\/arroyitoonline.com.ar\/?p=2134","title":{"rendered":"M\u00e1s de 40 j\u00f3venes comenzaron pr\u00e1cticas laborales en 31 empresas locales"},"content":{"rendered":"\n<p><strong>Son los beneficiarios del Programa J\u00f3venes por M\u00e1s y Mejor Trabajo,\ncoordinado en Arroyito, por la encargada de la oficina de Empleo Viviana\nVercelli. &nbsp;<\/strong><\/p>\n\n\n\n<p>El mi\u00e9rcoles 13, en sala del\nConcejo Deliberante, el Municipio entreg\u00f3 convenios de adhesi\u00f3n a entrenamientos\nlaborales. De esta manera, m\u00e1s de 40 beneficiarios del Programa J\u00f3venes por M\u00e1s\ny Mejor Trabajo se capacitan desde este mes, en 31 empresas locales. <\/p>\n\n\n\n<p>Encabez\u00f3 el acto el intendente\nMauricio Cravero, junto a la viceintendente Graciela Tristany, la coordinadora\nde la Oficina de Empleo Viviana Vercelli, secretarios del Ejecutivo, referentes\nde empresas locales y j\u00f3venes. <\/p>\n\n\n\n<p>Por eso, fueron dos de los\nbeneficiarios, que participaron del proceso previo de formaci\u00f3n, los oradores.\nDe esta manera, las chicas agradecieron al Ejecutivo, que haya gestionado estos\nprogramas y los garantice; haciendo eje en <em>\u201cla\ncontenci\u00f3n brindada desde la oficina de Empleo\u201d<\/em>, en la persona de Vercelli.\nLuego, la coordinadora la misma Vivian explic\u00f3 en qu\u00e9 consisti\u00f3 la preparaci\u00f3n\nde los j\u00f3venes y brind\u00f3 detalles del programa que ella coordina.<\/p>\n\n\n\n<p>Antes de la entrega de convenios,\nhabl\u00f3 el jefe municipal y agradeci\u00f3 a las empresas, la oportunidad que dan, y a\nlos j\u00f3venes los alent\u00f3 a que <em>\u201csigan por\neste camino que hoy iniciaron\u201d<\/em>.&nbsp;<\/p>\n\n\n\n<p>Con respecto a la oficina de\nEmpleo, es una dependencia que brinda servicios para el mejoramiento de las\ncondiciones de empleabilidad. Por ejemplo, ofrece capacitaci\u00f3n gratuita,\nprogramas de empleo y apoyo a la inserci\u00f3n en diferentes puestos de trabajo buscando,\nen todo momento, la incorporaci\u00f3n al mercado laboral.<\/p>\n\n\n\n<p>Por su parte, el Programa J\u00f3venes\npor M\u00e1s y Mejor Trabajo est\u00e1 destinado a que se brinde un conjunto de\nprestaciones de apoyo a la construcci\u00f3n e implementaci\u00f3n de un proyecto\nformativo y ocupacional para los j\u00f3venes; cuyo objetivo es la generaci\u00f3n de\noportunidades de inclusi\u00f3n social y laboral, que les permitan la construcci\u00f3n del\nperfil en el cual deseen desempe\u00f1arse.&nbsp;<\/p>\n\n\n\n<p>Por consiguiente, el mes de agosto del a\u00f1o 2018, comenz\u00f3 su implementaci\u00f3n. Durante un periodo de tres meses, m\u00e1s de 80 j\u00f3venes realizaron un curso de introducci\u00f3n al trabajo recibiendo, por parte del ministerio de Trabajo, un incentivo econ\u00f3mico. Finalizado el curso pueden realizar capacitaciones en diferentes puestos de trabajo.\u00a0\u00a0\u00a0\u00a0\u00a0 \u00a0 \u00a0 <\/p>\n\n\n\n<p>Fuente: Prensa Municipal. <\/p>\n","protected":false},"excerpt":{"rendered":"<p>Son los beneficiarios del Programa J\u00f3venes por M\u00e1s y Mejor Trabajo, coordinado en Arroyito, por la encargada de la oficina&hellip;<\/p>\n","protected":false},"author":3,"featured_media":2135,"comment_status":"closed","ping_status":"open","sticky":false,"template":"","format":"standard","meta":{"footnotes":""},"categories":[829],"tags":[66,67,836,253,324,454,471,527,868,555,556,580],"class_list":["post-2134","post","type-post","status-publish","format-standard","has-post-thumbnail","hentry","category-municipales-online","tag-arroyito","tag-arroyito-cordoba","tag-arroyito-online","tag-cravero","tag-empleo","tag-intendente","tag-jovenes","tag-mauricio-cravero","tag-municipales-online","tag-municipalidad","tag-municipalidad-de-arroyito","tag-oficina-de-empleo"],"_links":{"self":[{"href":"https:\/\/arroyitoonline.com.ar\/index.php?rest_route=\/wp\/v2\/posts\/2134","targetHints":{"allow":["GET"]}}],"collection":[{"href":"https:\/\/arroyitoonline.com.ar\/index.php?rest_route=\/wp\/v2\/posts"}],"about":[{"href":"https:\/\/arroyitoonline.com.ar\/index.php?rest_route=\/wp\/v2\/types\/post"}],"author":[{"embeddable":true,"href":"https:\/\/arroyitoonline.com.ar\/index.php?rest_route=\/wp\/v2\/users\/3"}],"replies":[{"embeddable":true,"href":"https:\/\/arroyitoonline.com.ar\/index.php?rest_route=%2Fwp%2Fv2%2Fcomments&post=2134"}],"version-history":[{"count":1,"href":"https:\/\/arroyitoonline.com.ar\/index.php?rest_route=\/wp\/v2\/posts\/2134\/revisions"}],"predecessor-version":[{"id":2136,"href":"https:\/\/arroyitoonline.com.ar\/index.php?rest_route=\/wp\/v2\/posts\/2134\/revisions\/2136"}],"wp:featuredmedia":[{"embeddable":true,"href":"https:\/\/arroyitoonline.com.ar\/index.php?rest_route=\/wp\/v2\/media\/2135"}],"wp:attachment":[{"href":"https:\/\/arroyitoonline.com.ar\/index.php?rest_route=%2Fwp%2Fv2%2Fmedia&parent=2134"}],"wp:term":[{"taxonomy":"category","embeddable":true,"href":"https:\/\/arroyitoonline.com.ar\/index.php?rest_route=%2Fwp%2Fv2%2Fcategories&post=2134"},{"taxonomy":"post_tag","embeddable":true,"href":"https:\/\/arroyitoonline.com.ar\/index.php?rest_route=%2Fwp%2Fv2%2Ftags&post=2134"}],"curies":[{"name":"wp","href":"https:\/\/api.w.org\/{rel}","templated":true}]}}