{"id":2137,"date":"2019-02-17T17:33:41","date_gmt":"2019-02-17T17:33:41","guid":{"rendered":"http:\/\/arroyitoonline.com.ar\/?p=2137"},"modified":"2019-02-17T17:37:35","modified_gmt":"2019-02-17T17:37:35","slug":"fue-primicia-los-beneficiarios-de-pami-podran-sacar-turnos-en-el-punto-digital","status":"publish","type":"post","link":"https:\/\/arroyitoonline.com.ar\/?p=2137","title":{"rendered":"Fue primicia: los beneficiarios de PAMI podr\u00e1n sacar turnos en el Punto Digital"},"content":{"rendered":"\n<p><strong>El intendente lo anunci\u00f3 el jueves en conferencia de prensa, pero lo\nanticip\u00f3 a Arroyito Online el mi\u00e9rcoles. <\/strong><\/p>\n\n\n\n<p>Desde hace tiempo, el Municipio\nse encuentra <em>\u201ctrabajando en conjunto con\nDelegaci\u00f3n PAMI, para que los beneficiarios puedan sacar su turno v\u00eda web\u201d<\/em>.<\/p>\n\n\n\n<p>Por este motivo, desde el lunes\n18, los beneficiarios de Arroyito del&nbsp;<strong>Programa de Atenci\u00f3n M\u00e9dica\nIntegral <\/strong>podr\u00e1n tramitarlos en el Punto\nDigital de la Casa de la Cultura, en el horario de 8:00 a 12:00. <\/p>\n\n\n\n<p>Aunque la noticia fue comunicada el jueves 14 por el intendente Mauricio\nCravero, en conferencia de prensa; horas antes, el primer mandatario local lo\nhab\u00eda anticipado a <strong>Arroyito Online<\/strong>. <\/p>\n\n\n\n<p>Por consiguiente, los tr\u00e1mites que podr\u00e1n gestionarse son: <strong>primera solicitud de medicamentos, renovaci\u00f3n de medicamentos, solicitud de andadores, bastones, sillas de ruedas, pa\u00f1ales, registro de personas con diabetes, entre otros.<\/strong> <\/p>\n\n\n\n<p>Adem\u00e1s, desde la Municipalidad recordaron que <em>\u201cpodr\u00e1 asistir a solicitarlo cualquier persona acompa\u00f1ada del DNI y recibo de sueldo del beneficiario\u201d<\/em>, y agregaron que <em>\u201cEs importante destacar que los turnos podr\u00e1n obtenerse hasta con dos meses de anticipaci\u00f3n\u201d<\/em>.  <\/p>\n\n\n\n<p>Fuente: Prensa Municipal. <\/p>\n","protected":false},"excerpt":{"rendered":"<p>El intendente lo anunci\u00f3 el jueves en conferencia de prensa, pero lo anticip\u00f3 a Arroyito Online el mi\u00e9rcoles. Desde hace&hellip;<\/p>\n","protected":false},"author":3,"featured_media":2141,"comment_status":"closed","ping_status":"open","sticky":false,"template":"","format":"standard","meta":{"footnotes":""},"categories":[6,829],"tags":[66,67,836,253,454,527,868,555,556,856,876],"class_list":["post-2137","post","type-post","status-publish","format-standard","has-post-thumbnail","hentry","category-interes-general","category-municipales-online","tag-arroyito","tag-arroyito-cordoba","tag-arroyito-online","tag-cravero","tag-intendente","tag-mauricio-cravero","tag-municipales-online","tag-municipalidad","tag-municipalidad-de-arroyito","tag-pami","tag-punto-digital"],"_links":{"self":[{"href":"https:\/\/arroyitoonline.com.ar\/index.php?rest_route=\/wp\/v2\/posts\/2137","targetHints":{"allow":["GET"]}}],"collection":[{"href":"https:\/\/arroyitoonline.com.ar\/index.php?rest_route=\/wp\/v2\/posts"}],"about":[{"href":"https:\/\/arroyitoonline.com.ar\/index.php?rest_route=\/wp\/v2\/types\/post"}],"author":[{"embeddable":true,"href":"https:\/\/arroyitoonline.com.ar\/index.php?rest_route=\/wp\/v2\/users\/3"}],"replies":[{"embeddable":true,"href":"https:\/\/arroyitoonline.com.ar\/index.php?rest_route=%2Fwp%2Fv2%2Fcomments&post=2137"}],"version-history":[{"count":1,"href":"https:\/\/arroyitoonline.com.ar\/index.php?rest_route=\/wp\/v2\/posts\/2137\/revisions"}],"predecessor-version":[{"id":2139,"href":"https:\/\/arroyitoonline.com.ar\/index.php?rest_route=\/wp\/v2\/posts\/2137\/revisions\/2139"}],"wp:featuredmedia":[{"embeddable":true,"href":"https:\/\/arroyitoonline.com.ar\/index.php?rest_route=\/wp\/v2\/media\/2141"}],"wp:attachment":[{"href":"https:\/\/arroyitoonline.com.ar\/index.php?rest_route=%2Fwp%2Fv2%2Fmedia&parent=2137"}],"wp:term":[{"taxonomy":"category","embeddable":true,"href":"https:\/\/arroyitoonline.com.ar\/index.php?rest_route=%2Fwp%2Fv2%2Fcategories&post=2137"},{"taxonomy":"post_tag","embeddable":true,"href":"https:\/\/arroyitoonline.com.ar\/index.php?rest_route=%2Fwp%2Fv2%2Ftags&post=2137"}],"curies":[{"name":"wp","href":"https:\/\/api.w.org\/{rel}","templated":true}]}}