{"id":2142,"date":"2019-02-17T18:21:06","date_gmt":"2019-02-17T18:21:06","guid":{"rendered":"http:\/\/arroyitoonline.com.ar\/?p=2142"},"modified":"2019-02-17T18:21:07","modified_gmt":"2019-02-17T18:21:07","slug":"el-consejo-de-la-mujer-ya-esta-en-accion","status":"publish","type":"post","link":"https:\/\/arroyitoonline.com.ar\/?p=2142","title":{"rendered":"El Consejo de la Mujer ya est\u00e1 en acci\u00f3n"},"content":{"rendered":"\n<p><strong>Este primer encuentro tuvo como principal objetivo que se refuercen los\nv\u00ednculos entre las mujeres integrantes, dando espacio a las que se fueron\nsumando.<\/strong><\/p>\n\n\n\n<p>El jueves 14 de febrero, el\nConsejo Municipal de la Mujer concret\u00f3 su reuni\u00f3n organizativa, en las instalaciones\ndel Crejma, y con importante convocatoria. <\/p>\n\n\n\n<p>Este primer encuentro tuvo como\nprincipal objetivo que se refuercen los v\u00ednculos entre las mujeres integrantes,\ndando espacio a las que se fueron sumando,&nbsp;haciendo un an\u00e1lisis de las\nactividades realizadas en los \u00faltimos a\u00f1os, repasando sus resultados y programando\nlos talleres y eventos que se desarrollar\u00e1n este a\u00f1o. <\/p>\n\n\n\n<p>Adem\u00e1s, desde el Consejo pretenden\nque se otorgue un mejor servicio para las mujeres que buscan empoderarse, en\nuna sociedad que necesita de una mayor empat\u00eda y conciencia en relaci\u00f3n a los\nproblemas que atraviesa el g\u00e9nero, de manera cotidiana. <\/p>\n\n\n\n<p>Con una actitud entusiasta y\nparticipativa, las presentes fueron completando una encuesta donde se les\nconsultaba sobre el actual desempe\u00f1o del Consejo, qu\u00e9 cambiar\u00edan para que\nmejore, qu\u00e9 actividades sugieren para este a\u00f1o y con qu\u00e9 frecuencia deber\u00edan\nencontrarse, para opinar sobre las actividades realizadas y organizar las que\nvan a venir.&nbsp;<\/p>\n\n\n\n<p>En la oportunidad estuvieron\npresentes la viceintendente Graciela Tristany, el secretario de Obras P\u00fablicas\nDaniel Lafarina, la secretaria de Acci\u00f3n Social Miriam Zagonel, las concejalas Alejandra\nDelavalle y Carolina Ciancia, la responsable oficina de Empleo Viviana\nVercelli, la secretaria Privada Marcela Ferreyra, la coordinadora del Consejo\nde la Mujer Edith Brav\u00edn, la psic\u00f3loga del Consejo Magal\u00ed Ledesma, la trabajadora\nSocial Soledad Castillo, integrantes del grupo, representantes de diferentes\ninstituciones de la localidad, y un gran n\u00famero de mujeres que se acercaron. <\/p>\n\n\n\n<p>Fuente: Prensa Municipal. <\/p>\n","protected":false},"excerpt":{"rendered":"<p>Este primer encuentro tuvo como principal objetivo que se refuercen los v\u00ednculos entre las mujeres integrantes, dando espacio a las&hellip;<\/p>\n","protected":false},"author":3,"featured_media":2143,"comment_status":"closed","ping_status":"open","sticky":false,"template":"","format":"standard","meta":{"footnotes":""},"categories":[829,877],"tags":[66,67,836,232,550,551,868,555,556,878],"class_list":["post-2142","post","type-post","status-publish","format-standard","has-post-thumbnail","hentry","category-municipales-online","category-noti-mujer-online","tag-arroyito","tag-arroyito-cordoba","tag-arroyito-online","tag-consejo-de-la-mujer","tag-mujeres","tag-mujeres-arroyito","tag-municipales-online","tag-municipalidad","tag-municipalidad-de-arroyito","tag-noti-mujer-online"],"_links":{"self":[{"href":"https:\/\/arroyitoonline.com.ar\/index.php?rest_route=\/wp\/v2\/posts\/2142","targetHints":{"allow":["GET"]}}],"collection":[{"href":"https:\/\/arroyitoonline.com.ar\/index.php?rest_route=\/wp\/v2\/posts"}],"about":[{"href":"https:\/\/arroyitoonline.com.ar\/index.php?rest_route=\/wp\/v2\/types\/post"}],"author":[{"embeddable":true,"href":"https:\/\/arroyitoonline.com.ar\/index.php?rest_route=\/wp\/v2\/users\/3"}],"replies":[{"embeddable":true,"href":"https:\/\/arroyitoonline.com.ar\/index.php?rest_route=%2Fwp%2Fv2%2Fcomments&post=2142"}],"version-history":[{"count":1,"href":"https:\/\/arroyitoonline.com.ar\/index.php?rest_route=\/wp\/v2\/posts\/2142\/revisions"}],"predecessor-version":[{"id":2144,"href":"https:\/\/arroyitoonline.com.ar\/index.php?rest_route=\/wp\/v2\/posts\/2142\/revisions\/2144"}],"wp:featuredmedia":[{"embeddable":true,"href":"https:\/\/arroyitoonline.com.ar\/index.php?rest_route=\/wp\/v2\/media\/2143"}],"wp:attachment":[{"href":"https:\/\/arroyitoonline.com.ar\/index.php?rest_route=%2Fwp%2Fv2%2Fmedia&parent=2142"}],"wp:term":[{"taxonomy":"category","embeddable":true,"href":"https:\/\/arroyitoonline.com.ar\/index.php?rest_route=%2Fwp%2Fv2%2Fcategories&post=2142"},{"taxonomy":"post_tag","embeddable":true,"href":"https:\/\/arroyitoonline.com.ar\/index.php?rest_route=%2Fwp%2Fv2%2Ftags&post=2142"}],"curies":[{"name":"wp","href":"https:\/\/api.w.org\/{rel}","templated":true}]}}