{"id":2149,"date":"2019-02-17T19:05:24","date_gmt":"2019-02-17T19:05:24","guid":{"rendered":"http:\/\/arroyitoonline.com.ar\/?p=2149"},"modified":"2019-02-17T19:05:25","modified_gmt":"2019-02-17T19:05:25","slug":"carnavales-villa-santa-rosa-se-desplomaron-dos-tribunas-y-hubo-34-heridos","status":"publish","type":"post","link":"https:\/\/arroyitoonline.com.ar\/?p=2149","title":{"rendered":"Carnavales Villa Santa Rosa: se desplomaron dos tribunas y hubo 34 heridos"},"content":{"rendered":"\n<p><strong>Lo que parec\u00eda ser la\ngran fiesta pagana de la regi\u00f3n, deriv\u00f3 en gritos, corridas, desesperaci\u00f3n e\nincertidumbre por lo sucedido. <\/strong><\/p>\n\n\n\n<p>Seg\u00fan publica <strong>El\nDiario del Pueblo<\/strong>, la tercera noche de los Carnavales Regionales se presentaba\na pleno en Villa Santa Rosa. En primer lugar hizo su aparici\u00f3n la comparsa\ninfantil, para luego dar paso a las comparsas oficiales. As\u00ed, Piquill\u00edn y luego\nLa Puerta pasaron ante m\u00e1s de 6.000 espectadores, llegados desde distintos\npuntos de la regi\u00f3n, en una velada que promet\u00eda ser una verdadera fiesta.<\/p>\n\n\n\n<p>En la mitad del evento, los anfitriones hicieron su\npresentaci\u00f3n. Todo era algarab\u00eda, ritmo, color y celebraci\u00f3n. Ya en la parte\nfinal del cors\u00f3dromo, cuando la batucada La Tribu transitaba los \u00faltimos\nmetros, ante una tribuna colmada que cantaba y saltaba, la fiesta termin\u00f3 de la\nmanera m\u00e1s repentina. <\/p>\n\n\n\n<p>Las caras de espanto, la desesperaci\u00f3n de quienes sal\u00edan sin\ndirecci\u00f3n, los gritos, la consternaci\u00f3n y la incertidumbre ante lo ocurrido,\ncolmaron el lugar: dos de las tribunas se hab\u00edan desplomado y varias personas\nresultaron con heridas de diversa consideraci\u00f3n. <\/p>\n\n\n\n<figure class=\"wp-block-embed-facebook wp-block-embed is-type-video is-provider-facebook\"><div class=\"wp-block-embed__wrapper\">\nhttps:\/\/www.facebook.com\/eldiariodelpueblo1\/videos\/574570406362243\/\n<\/div><figcaption><em>El momento preciso en el que las tribunas se desploman, capturado por El Diario del Pueblo.<\/em><\/figcaption><\/figure>\n\n\n\n<p>A continuaci\u00f3n, los intendentes presentes acompa\u00f1aron al\nmandatario local, V\u00edctor Kieffer, quien expres\u00f3 acongojado que el carnaval\ncontinuar\u00eda. Sin embargo, luego se decidi\u00f3 la presentaci\u00f3n del traje fantas\u00eda y\nel portabandera de cada localidad, para que pudieran ser evaluados por el\njurado; y las pasistas no se presentaron con sus repiques porque se encontraban\nen shock.<\/p>\n\n\n\n<p>De esta manera, restaba el paso de las comparsas de Monte\nCristo y R\u00edo Primero, por lo que se anunci\u00f3 que lo har\u00edan, pero sin m\u00fasica, de\nmanera simb\u00f3lica, a modo de que el p\u00fablico pudiera verlas. <\/p>\n\n\n\n<p>No obstante, Monte Cristo desisti\u00f3 de presentarse. En tanto\nque R\u00edo Primero hizo su paso en silencio, con cada uno de sus integrantes aplaudiendo\nde punta a punta del cors\u00f3dromo en un gesto de solidaridad, respeto y fuerza a\nlos heridos; actitud que fue acompa\u00f1ada por el p\u00fablico, a trav\u00e9s de una cerrada\novaci\u00f3n. <\/p>\n\n\n\n<p><strong>El parte m\u00e9dico<\/strong><\/p>\n\n\n\n<p>El director del Hospital Regional, <strong>Norberto Ju\u00e1rez<\/strong>,&nbsp;inform\u00f3 que en total fueron 34\nlos j\u00f3venes atendidos tras el accidente ocurrido en el cors\u00f3dromo de Villa\nSanta Rosa. A 18 de ellos se les efectuaron estudios radiol\u00f3gicos, siendo seis\nderivados a nosocomios de la ciudad de C\u00f3rdoba. Solo dos\npacientes&nbsp;quedaron en observaci\u00f3n en el Hospital mientras que\nal&nbsp;resto se les efectuaron&nbsp;curaciones y fueron dados de alta con\npautas de alarma. <\/p>\n\n\n\n<p>Los j\u00f3venes derivados son:<strong> Leonardo Pucheta (22) de Villa\nSanta Rosa<\/strong>, con golpes y desplazamiento de tornillos de una cirug\u00eda previa;&nbsp;<strong>Julieta\nL\u00f3pez<\/strong>&nbsp;<strong>(19) de Villa Santa Rosa<\/strong>, con traumatismo cervical con\ndesplazamiento de una v\u00e9rtebra;&nbsp;<strong>Leticia Brochero&nbsp;(17) de R\u00edo\nPrimero<\/strong>, con desplazamiento de una v\u00e9rtebra cervical;&nbsp;<strong>Marcos Bustos<\/strong>&nbsp;<strong>(16),\nde Monte Cristo<\/strong>, por fractura expuesta de miembro inferior izquierdo;&nbsp;<strong>Fernando\nMeriles&nbsp;(19)<\/strong>&nbsp;<strong>de Villa Santa Rosa<\/strong>, con traumatismo de t\u00f3rax\ny desplazamiento de una v\u00e9rtebra a nivel dorsal; y&nbsp;<strong>Germ\u00e1n Far\u00edas&nbsp;(16)<\/strong>&nbsp;con\nluxaci\u00f3n de tobillo derecho.<\/p>\n\n\n\n<p>Fuente: El Diario del Pueblo.<\/p>\n","protected":false},"excerpt":{"rendered":"<p>Lo que parec\u00eda ser la gran fiesta pagana de la regi\u00f3n, deriv\u00f3 en gritos, corridas, desesperaci\u00f3n e incertidumbre por lo&hellip;<\/p>\n","protected":false},"author":3,"featured_media":2151,"comment_status":"closed","ping_status":"open","sticky":false,"template":"","format":"standard","meta":{"footnotes":""},"categories":[826,845],"tags":[22,155,351,862,847,806],"class_list":["post-2149","post","type-post","status-publish","format-standard","has-post-thumbnail","hentry","category-espectaculos-online","category-regionales-online","tag-accidente","tag-carnaval","tag-espectaculos","tag-espectaculos-online","tag-regionales-online","tag-villa-santa-rosa"],"_links":{"self":[{"href":"https:\/\/arroyitoonline.com.ar\/index.php?rest_route=\/wp\/v2\/posts\/2149","targetHints":{"allow":["GET"]}}],"collection":[{"href":"https:\/\/arroyitoonline.com.ar\/index.php?rest_route=\/wp\/v2\/posts"}],"about":[{"href":"https:\/\/arroyitoonline.com.ar\/index.php?rest_route=\/wp\/v2\/types\/post"}],"author":[{"embeddable":true,"href":"https:\/\/arroyitoonline.com.ar\/index.php?rest_route=\/wp\/v2\/users\/3"}],"replies":[{"embeddable":true,"href":"https:\/\/arroyitoonline.com.ar\/index.php?rest_route=%2Fwp%2Fv2%2Fcomments&post=2149"}],"version-history":[{"count":2,"href":"https:\/\/arroyitoonline.com.ar\/index.php?rest_route=\/wp\/v2\/posts\/2149\/revisions"}],"predecessor-version":[{"id":2153,"href":"https:\/\/arroyitoonline.com.ar\/index.php?rest_route=\/wp\/v2\/posts\/2149\/revisions\/2153"}],"wp:featuredmedia":[{"embeddable":true,"href":"https:\/\/arroyitoonline.com.ar\/index.php?rest_route=\/wp\/v2\/media\/2151"}],"wp:attachment":[{"href":"https:\/\/arroyitoonline.com.ar\/index.php?rest_route=%2Fwp%2Fv2%2Fmedia&parent=2149"}],"wp:term":[{"taxonomy":"category","embeddable":true,"href":"https:\/\/arroyitoonline.com.ar\/index.php?rest_route=%2Fwp%2Fv2%2Fcategories&post=2149"},{"taxonomy":"post_tag","embeddable":true,"href":"https:\/\/arroyitoonline.com.ar\/index.php?rest_route=%2Fwp%2Fv2%2Ftags&post=2149"}],"curies":[{"name":"wp","href":"https:\/\/api.w.org\/{rel}","templated":true}]}}