{"id":2158,"date":"2019-02-18T17:27:35","date_gmt":"2019-02-18T17:27:35","guid":{"rendered":"http:\/\/arroyitoonline.com.ar\/?p=2158"},"modified":"2019-02-18T17:31:44","modified_gmt":"2019-02-18T17:31:44","slug":"robo-ropa-quiso-venderla-y-fue-detenido","status":"publish","type":"post","link":"https:\/\/arroyitoonline.com.ar\/?p=2158","title":{"rendered":"Rob\u00f3 ropa, quiso venderla y fue detenido"},"content":{"rendered":"\n<p><strong>El sujeto ingres\u00f3 a un local comercial c\u00e9ntrico, se llev\u00f3 prendas por $9.500, y fue aprehendido por la Polic\u00eda cuando las ofrec\u00eda para la venta, en el sector sur. <\/strong><\/p>\n\n\n\n<p>El jueves pasado, la propietaria (37) de un comercio de venta de ropa y calzados ubicado sobre calle Belgrano denunci\u00f3 que se retir\u00f3 de su negocio a las 12:30 horas. Cerca de las 16:30, cuando regres\u00f3 al lugar, constat\u00f3 que autores ignorados forzaron un ventiluz de 40 x 30 cent\u00edmetros que se encuentra en la parte trasera del comercio, sustrayendo prendas por un valor de $9.500.  <\/p>\n\n\n\n<p>A continuaci\u00f3n, la due\u00f1a del local solicit\u00f3 presencia policial y fue entrevistada por personal de guardia y del \u00e1rea de Investigaciones de la Comisar\u00eda local. El procedimiento fue entregado por la Polic\u00eda en la Unidad Judicial, para que contin\u00faen con las averiguaciones. <\/p>\n\n\n\n<p>En este sentido, y momentos m\u00e1s tarde, luego de la realizaci\u00f3n de tareas investigativas, identificaron al autor, patrullaron distintos sectores de la ciudad logrando ubicarlo en Falucho N\u00ba 500, sector donde estar\u00eda ofreciendo para la venta, las prendas sustra\u00eddas. <\/p>\n\n\n\n<p>Luego, el hombre en cuesti\u00f3n fue identificado por la Polic\u00eda mientras llevaba con \u00e9l, una mochila color oscura con la ropa relacionada al hecho, en su interior. Los uniformados secuestraron la mercader\u00eda trasladando al sujeto a la Comisar\u00eda, quedando alojado a disposici\u00f3n de la Fiscal\u00eda de Instrucci\u00f3n local. <\/p>\n\n\n\n<figure class=\"wp-block-image\"><img loading=\"lazy\" decoding=\"async\" width=\"768\" height=\"1024\" src=\"http:\/\/arroyitoonline.com.ar\/wp-content\/uploads\/2019\/02\/robo-ropa-negocio-belgrano-768x1024.jpg\" alt=\"\" class=\"wp-image-2163\" srcset=\"https:\/\/arroyitoonline.com.ar\/wp-content\/uploads\/2019\/02\/robo-ropa-negocio-belgrano-768x1024.jpg 768w, https:\/\/arroyitoonline.com.ar\/wp-content\/uploads\/2019\/02\/robo-ropa-negocio-belgrano-225x300.jpg 225w, https:\/\/arroyitoonline.com.ar\/wp-content\/uploads\/2019\/02\/robo-ropa-negocio-belgrano.jpg 960w\" sizes=\"auto, (max-width: 768px) 100vw, 768px\" \/><figcaption><em>La ropa nueva que fue secuestrada en el allanamiento. <\/em><\/figcaption><\/figure>\n\n\n\n<p><strong>Allanamiento positivo <\/strong><\/p>\n\n\n\n<p>En relaci\u00f3n al sumario 206\/19, correspondiente al robo antes mencionado, personal de la Divisi\u00f3n Investigaciones y de guardia, allan\u00f3 el viernes, un departamento situado en calle Ciriaco Ju\u00e1rez arrojando resultado positivo. En el lugar, la Polic\u00eda secuestr\u00f3 prendas de vestir nuevas con sus respectivas etiquetas, entre ellas pantalones largos de jeans y remeras mangas cortas. <\/p>\n\n\n\n<p> Acto seguido, la fuerza p\u00fablica requis\u00f3 una vivienda ubicada sobre Renatto Caturelli, tambi\u00e9n con resultado positivo, procediendo al secuestro de ropa nueva con etiquetas y de similares caracter\u00edsticas a las confiscadas con anterioridad.<\/p>\n\n\n\n<p>Fuente: informe del comisario Clever Salguero. <\/p>\n","protected":false},"excerpt":{"rendered":"<p>El sujeto ingres\u00f3 a un local comercial c\u00e9ntrico, se llev\u00f3 prendas por $9.500, y fue aprehendido por la Polic\u00eda cuando&hellip;<\/p>\n","protected":false},"author":3,"featured_media":2160,"comment_status":"closed","ping_status":"open","sticky":false,"template":"","format":"standard","meta":{"footnotes":""},"categories":[824],"tags":[66,67,836,635,637,638,825,693],"class_list":["post-2158","post","type-post","status-publish","format-standard","has-post-thumbnail","hentry","category-policiales-online","tag-arroyito","tag-arroyito-cordoba","tag-arroyito-online","tag-policia","tag-policiales","tag-policiales-arroyito","tag-policiales-online","tag-robo"],"_links":{"self":[{"href":"https:\/\/arroyitoonline.com.ar\/index.php?rest_route=\/wp\/v2\/posts\/2158","targetHints":{"allow":["GET"]}}],"collection":[{"href":"https:\/\/arroyitoonline.com.ar\/index.php?rest_route=\/wp\/v2\/posts"}],"about":[{"href":"https:\/\/arroyitoonline.com.ar\/index.php?rest_route=\/wp\/v2\/types\/post"}],"author":[{"embeddable":true,"href":"https:\/\/arroyitoonline.com.ar\/index.php?rest_route=\/wp\/v2\/users\/3"}],"replies":[{"embeddable":true,"href":"https:\/\/arroyitoonline.com.ar\/index.php?rest_route=%2Fwp%2Fv2%2Fcomments&post=2158"}],"version-history":[{"count":2,"href":"https:\/\/arroyitoonline.com.ar\/index.php?rest_route=\/wp\/v2\/posts\/2158\/revisions"}],"predecessor-version":[{"id":2164,"href":"https:\/\/arroyitoonline.com.ar\/index.php?rest_route=\/wp\/v2\/posts\/2158\/revisions\/2164"}],"wp:featuredmedia":[{"embeddable":true,"href":"https:\/\/arroyitoonline.com.ar\/index.php?rest_route=\/wp\/v2\/media\/2160"}],"wp:attachment":[{"href":"https:\/\/arroyitoonline.com.ar\/index.php?rest_route=%2Fwp%2Fv2%2Fmedia&parent=2158"}],"wp:term":[{"taxonomy":"category","embeddable":true,"href":"https:\/\/arroyitoonline.com.ar\/index.php?rest_route=%2Fwp%2Fv2%2Fcategories&post=2158"},{"taxonomy":"post_tag","embeddable":true,"href":"https:\/\/arroyitoonline.com.ar\/index.php?rest_route=%2Fwp%2Fv2%2Ftags&post=2158"}],"curies":[{"name":"wp","href":"https:\/\/api.w.org\/{rel}","templated":true}]}}