{"id":2165,"date":"2019-02-18T18:01:37","date_gmt":"2019-02-18T18:01:37","guid":{"rendered":"http:\/\/arroyitoonline.com.ar\/?p=2165"},"modified":"2019-02-18T18:03:30","modified_gmt":"2019-02-18T18:03:30","slug":"choco-en-auto-contra-un-arbol-salio-por-sus-propios-medios-y-se-fue","status":"publish","type":"post","link":"https:\/\/arroyitoonline.com.ar\/?p=2165","title":{"rendered":"Choc\u00f3 en auto contra un \u00e1rbol, sali\u00f3 por sus propios medios y se fue"},"content":{"rendered":"\n<p><strong>Ocurri\u00f3 en inmediaciones al\ncementerio, sobre Av. Erb. El veh\u00edculo fue retirado por personal del Corral\u00f3n\nMunicipal, ya que obstru\u00eda media calzada. <\/strong><\/p>\n\n\n\n<p>El s\u00e1bado a las nueve de la ma\u00f1ana, la Polic\u00eda recibi\u00f3\nun llamado al 101, dando aviso de que sobre avenida Bernardo Erb, en\ninmediaciones al cementerio, hab\u00eda chocado un auto. &nbsp;<\/p>\n\n\n\n<p>Una vez en el lugar, personal policial constat\u00f3 que se\ntrataba de un Volkswagen 1500 color verde, conducido por un hombre mayor de\nedad, que habr\u00eda impactado contra un \u00e1rbol. Como producto de la colisi\u00f3n, el\nauto qued\u00f3 atravesando media calzada y con su parte frontal destruida. <\/p>\n\n\n\n<p>Seg\u00fan testigos presenciales, el VW andaba por Erb de norte a sur y choc\u00f3 casi en la intersecci\u00f3n con Marcial Vaudagna. De acuerdo a los mismos testimonios su \u00fanico ocupante, en aparente estado de ebriedad, descendi\u00f3 del auto y se retir\u00f3 del lugar.  <\/p>\n\n\n\n<figure class=\"wp-block-image\"><img loading=\"lazy\" decoding=\"async\" width=\"1024\" height=\"576\" src=\"http:\/\/arroyitoonline.com.ar\/wp-content\/uploads\/2019\/02\/choque-Erb2_Fotor_20190218-1024x576.jpg\" alt=\"\" class=\"wp-image-2166\" srcset=\"https:\/\/arroyitoonline.com.ar\/wp-content\/uploads\/2019\/02\/choque-Erb2_Fotor_20190218-1024x576.jpg 1024w, https:\/\/arroyitoonline.com.ar\/wp-content\/uploads\/2019\/02\/choque-Erb2_Fotor_20190218-300x169.jpg 300w, https:\/\/arroyitoonline.com.ar\/wp-content\/uploads\/2019\/02\/choque-Erb2_Fotor_20190218-768x432.jpg 768w, https:\/\/arroyitoonline.com.ar\/wp-content\/uploads\/2019\/02\/choque-Erb2_Fotor_20190218.jpg 1031w\" sizes=\"auto, (max-width: 1024px) 100vw, 1024px\" \/><figcaption><em>Personal del Corral\u00f3n Municipal retir\u00f3 el veh\u00edculo, que obstru\u00eda media calzada.<\/em><\/figcaption><\/figure>\n\n\n\n<p>Acto seguido, la Polic\u00eda solicit\u00f3 la colaboraci\u00f3n de empleados del Corral\u00f3n municipal para la liberaci\u00f3n de la calzada. En otro orden, el propietario del rodado a\u00fan no fue identificado. <\/p>\n\n\n\n<p>Fuente: informe del comisario Clever Salguero.<\/p>\n","protected":false},"excerpt":{"rendered":"<p>Ocurri\u00f3 en inmediaciones al cementerio, sobre Av. Erb. El veh\u00edculo fue retirado por personal del Corral\u00f3n Municipal, ya que obstru\u00eda&hellip;<\/p>\n","protected":false},"author":3,"featured_media":2167,"comment_status":"closed","ping_status":"open","sticky":false,"template":"","format":"standard","meta":{"footnotes":""},"categories":[824],"tags":[43,44,66,67,836,191,635,637,638,825],"class_list":["post-2165","post","type-post","status-publish","format-standard","has-post-thumbnail","hentry","category-policiales-online","tag-alcohol","tag-alcoholemia","tag-arroyito","tag-arroyito-cordoba","tag-arroyito-online","tag-choque","tag-policia","tag-policiales","tag-policiales-arroyito","tag-policiales-online"],"_links":{"self":[{"href":"https:\/\/arroyitoonline.com.ar\/index.php?rest_route=\/wp\/v2\/posts\/2165","targetHints":{"allow":["GET"]}}],"collection":[{"href":"https:\/\/arroyitoonline.com.ar\/index.php?rest_route=\/wp\/v2\/posts"}],"about":[{"href":"https:\/\/arroyitoonline.com.ar\/index.php?rest_route=\/wp\/v2\/types\/post"}],"author":[{"embeddable":true,"href":"https:\/\/arroyitoonline.com.ar\/index.php?rest_route=\/wp\/v2\/users\/3"}],"replies":[{"embeddable":true,"href":"https:\/\/arroyitoonline.com.ar\/index.php?rest_route=%2Fwp%2Fv2%2Fcomments&post=2165"}],"version-history":[{"count":2,"href":"https:\/\/arroyitoonline.com.ar\/index.php?rest_route=\/wp\/v2\/posts\/2165\/revisions"}],"predecessor-version":[{"id":2169,"href":"https:\/\/arroyitoonline.com.ar\/index.php?rest_route=\/wp\/v2\/posts\/2165\/revisions\/2169"}],"wp:featuredmedia":[{"embeddable":true,"href":"https:\/\/arroyitoonline.com.ar\/index.php?rest_route=\/wp\/v2\/media\/2167"}],"wp:attachment":[{"href":"https:\/\/arroyitoonline.com.ar\/index.php?rest_route=%2Fwp%2Fv2%2Fmedia&parent=2165"}],"wp:term":[{"taxonomy":"category","embeddable":true,"href":"https:\/\/arroyitoonline.com.ar\/index.php?rest_route=%2Fwp%2Fv2%2Fcategories&post=2165"},{"taxonomy":"post_tag","embeddable":true,"href":"https:\/\/arroyitoonline.com.ar\/index.php?rest_route=%2Fwp%2Fv2%2Ftags&post=2165"}],"curies":[{"name":"wp","href":"https:\/\/api.w.org\/{rel}","templated":true}]}}