{"id":2170,"date":"2019-02-18T18:42:34","date_gmt":"2019-02-18T18:42:34","guid":{"rendered":"http:\/\/arroyitoonline.com.ar\/?p=2170"},"modified":"2019-02-21T01:48:46","modified_gmt":"2019-02-21T01:48:46","slug":"ingreso-a-la-anonima-por-un-deposito-sono-la-alarma-y-lo-detuvieron","status":"publish","type":"post","link":"https:\/\/arroyitoonline.com.ar\/?p=2170","title":{"rendered":"Ingres\u00f3 a La An\u00f3nima por el dep\u00f3sito, son\u00f3 la alarma y lo detuvieron"},"content":{"rendered":"\n<p><strong>Tiene 18 a\u00f1os. La Polic\u00eda lo\naprehendi\u00f3 en el sal\u00f3n de ventas del super. El aviso lleg\u00f3 a trav\u00e9s de uno de\nlos grupos de WhatsApp SOS.<\/strong><\/p>\n\n\n\n<p>Ayer a las 18:00 horas sonaba la alarma del\nsupermercado La An\u00f3nima y la situaci\u00f3n fue advertida a la Polic\u00eda, a trav\u00e9s de\nuno de los grupos de WhatsApp SOS. <\/p>\n\n\n\n<p>Minutos despu\u00e9s, personal policial de guardia y uniformados que se encontraban en el Balneario afectados al Desaf\u00edo del Xanaes, se acercaron a la gran superficie comercial del sector oeste, junto a empleados jer\u00e1rquicos de la sucursal.<\/p>\n\n\n\n<p>Una vez all\u00ed, ingresaron efectivos, quienes realizaron el control interno, ya que una puerta con acceso al dep\u00f3sito estaba abierta. <\/p>\n\n\n\n<p>Por consiguiente, la fuerza p\u00fablica logr\u00f3 la aprehensi\u00f3n, dentro del sal\u00f3n de ventas, de un joven (18) domiciliado en Arroyito. El chico fue trasladado a la Comisar\u00eda quedando a disposici\u00f3n de la Fiscal\u00eda de Instrucci\u00f3n local. <\/p>\n\n\n\n<p>Fuente: informe del comisario Clever Salguero.  <\/p>\n","protected":false},"excerpt":{"rendered":"<p>Tiene 18 a\u00f1os. La Polic\u00eda lo aprehendi\u00f3 en el sal\u00f3n de ventas del super. El aviso lleg\u00f3 a trav\u00e9s de&hellip;<\/p>\n","protected":false},"author":3,"featured_media":2171,"comment_status":"closed","ping_status":"open","sticky":false,"template":"","format":"standard","meta":{"footnotes":""},"categories":[824],"tags":[66,67,836,285,572,635,637,638,825],"class_list":["post-2170","post","type-post","status-publish","format-standard","has-post-thumbnail","hentry","category-policiales-online","tag-arroyito","tag-arroyito-cordoba","tag-arroyito-online","tag-detencion","tag-noticias-de-arroyito-y-zona","tag-policia","tag-policiales","tag-policiales-arroyito","tag-policiales-online"],"_links":{"self":[{"href":"https:\/\/arroyitoonline.com.ar\/index.php?rest_route=\/wp\/v2\/posts\/2170","targetHints":{"allow":["GET"]}}],"collection":[{"href":"https:\/\/arroyitoonline.com.ar\/index.php?rest_route=\/wp\/v2\/posts"}],"about":[{"href":"https:\/\/arroyitoonline.com.ar\/index.php?rest_route=\/wp\/v2\/types\/post"}],"author":[{"embeddable":true,"href":"https:\/\/arroyitoonline.com.ar\/index.php?rest_route=\/wp\/v2\/users\/3"}],"replies":[{"embeddable":true,"href":"https:\/\/arroyitoonline.com.ar\/index.php?rest_route=%2Fwp%2Fv2%2Fcomments&post=2170"}],"version-history":[{"count":2,"href":"https:\/\/arroyitoonline.com.ar\/index.php?rest_route=\/wp\/v2\/posts\/2170\/revisions"}],"predecessor-version":[{"id":2173,"href":"https:\/\/arroyitoonline.com.ar\/index.php?rest_route=\/wp\/v2\/posts\/2170\/revisions\/2173"}],"wp:featuredmedia":[{"embeddable":true,"href":"https:\/\/arroyitoonline.com.ar\/index.php?rest_route=\/wp\/v2\/media\/2171"}],"wp:attachment":[{"href":"https:\/\/arroyitoonline.com.ar\/index.php?rest_route=%2Fwp%2Fv2%2Fmedia&parent=2170"}],"wp:term":[{"taxonomy":"category","embeddable":true,"href":"https:\/\/arroyitoonline.com.ar\/index.php?rest_route=%2Fwp%2Fv2%2Fcategories&post=2170"},{"taxonomy":"post_tag","embeddable":true,"href":"https:\/\/arroyitoonline.com.ar\/index.php?rest_route=%2Fwp%2Fv2%2Ftags&post=2170"}],"curies":[{"name":"wp","href":"https:\/\/api.w.org\/{rel}","templated":true}]}}