{"id":2174,"date":"2019-02-18T21:12:37","date_gmt":"2019-02-18T21:12:37","guid":{"rendered":"http:\/\/arroyitoonline.com.ar\/?p=2174"},"modified":"2019-02-18T21:12:38","modified_gmt":"2019-02-18T21:12:38","slug":"peluqueros-solidarios-entregaron-ayuda-economica-a-dani-monje","status":"publish","type":"post","link":"https:\/\/arroyitoonline.com.ar\/?p=2174","title":{"rendered":"Peluqueros solidarios entregaron ayuda econ\u00f3mica a Dani Monje"},"content":{"rendered":"\n<p><strong>Los estilistas colocaron una urna, para que cada cliente aportara una donaci\u00f3n a voluntad, a cambio del corte de pelo.  <\/strong><\/p>\n\n\n\n<p>Karen Alemandi, Agust\u00edn Aguirre, Matias Ribet, Axel G\u00f3mez, Carlitos Figueroa y Alfonsina Romero son conocidos en Arroyito, como los peluqueros solidarios. Una vez por mes, los estilistas locales realizan cortes en sus salones pero, en vez de cobrarles a sus clientes, cambian el servicio por un juguete o un alimento. Por ejemplo, en Nochebuena hab\u00edan repartido esas donaciones en una camioneta particular, por las calles de la ciudad. <\/p>\n\n\n\n<p>Por su parte, el pasado lunes 11, de 15:00 a 18:00 horas, estuvieron en PRIMAR \u2013Ballat Hubaide 376-, TIRATE LOS PELOS \u201324 de Septiembre 759- y THE BARBER SHOP \u2013Carratal\u00e1 150- haciendo cortes solidarios en beneficio de Daniel Monje, quien padece leucemia. Adem\u00e1s, despu\u00e9s de esa jornada, las urnas quedaron y los clientes continuaron colaborando.<\/p>\n\n\n\n<p> <br>Transcurridos siete d\u00edas, <em>\u201cHicimos entrega de lo recaudado a Dani Monje. Esperamos su pronta recuperaci\u00f3n, y te deseamos lo mejor, amigo, estamos para ayudarte. Mucha fuerza y fe, que Dios es grande y est\u00e1 contigo\u201d<\/em>, cont\u00f3 Karen, quien acompa\u00f1\u00f3 sus palabras con la imagen junto al joven, cuando le acercaron la colaboraci\u00f3n.   <\/p>\n\n\n\n<p> <br>Por \u00faltimo, esta referente del grupo, aprovech\u00f3 la oportunidad y expres\u00f3 que \u201c<em>Este equipo sigue cumpliendo sue\u00f1os y llenando nuestras almas de satisfacci\u00f3n.<\/em> <em>Estamos felices de poder ayudar a quienes m\u00e1s lo necesitan desde nuestro lugar, desde nuestro peque\u00f1o espacio&#8230; Vamos equipo de oro, a seguir que a\u00fan hay mucho por hacer con este proyecto de AYUDANOS A AYUDAR\u201d<\/em>.  <\/p>\n","protected":false},"excerpt":{"rendered":"<p>Los estilistas colocaron una urna, para que cada cliente aportara una donaci\u00f3n a voluntad, a cambio del corte de pelo.&hellip;<\/p>\n","protected":false},"author":3,"featured_media":2175,"comment_status":"closed","ping_status":"open","sticky":false,"template":"","format":"standard","meta":{"footnotes":""},"categories":[860],"tags":[66,67,836,151,508,572,861,738],"class_list":["post-2174","post","type-post","status-publish","format-standard","has-post-thumbnail","hentry","category-solidaridad-online","tag-arroyito","tag-arroyito-cordoba","tag-arroyito-online","tag-cancer","tag-lucha-contra-el-cancer","tag-noticias-de-arroyito-y-zona","tag-peluqueros-solidarios","tag-solidaridad"],"_links":{"self":[{"href":"https:\/\/arroyitoonline.com.ar\/index.php?rest_route=\/wp\/v2\/posts\/2174","targetHints":{"allow":["GET"]}}],"collection":[{"href":"https:\/\/arroyitoonline.com.ar\/index.php?rest_route=\/wp\/v2\/posts"}],"about":[{"href":"https:\/\/arroyitoonline.com.ar\/index.php?rest_route=\/wp\/v2\/types\/post"}],"author":[{"embeddable":true,"href":"https:\/\/arroyitoonline.com.ar\/index.php?rest_route=\/wp\/v2\/users\/3"}],"replies":[{"embeddable":true,"href":"https:\/\/arroyitoonline.com.ar\/index.php?rest_route=%2Fwp%2Fv2%2Fcomments&post=2174"}],"version-history":[{"count":1,"href":"https:\/\/arroyitoonline.com.ar\/index.php?rest_route=\/wp\/v2\/posts\/2174\/revisions"}],"predecessor-version":[{"id":2176,"href":"https:\/\/arroyitoonline.com.ar\/index.php?rest_route=\/wp\/v2\/posts\/2174\/revisions\/2176"}],"wp:featuredmedia":[{"embeddable":true,"href":"https:\/\/arroyitoonline.com.ar\/index.php?rest_route=\/wp\/v2\/media\/2175"}],"wp:attachment":[{"href":"https:\/\/arroyitoonline.com.ar\/index.php?rest_route=%2Fwp%2Fv2%2Fmedia&parent=2174"}],"wp:term":[{"taxonomy":"category","embeddable":true,"href":"https:\/\/arroyitoonline.com.ar\/index.php?rest_route=%2Fwp%2Fv2%2Fcategories&post=2174"},{"taxonomy":"post_tag","embeddable":true,"href":"https:\/\/arroyitoonline.com.ar\/index.php?rest_route=%2Fwp%2Fv2%2Ftags&post=2174"}],"curies":[{"name":"wp","href":"https:\/\/api.w.org\/{rel}","templated":true}]}}