{"id":2215,"date":"2019-02-20T17:05:02","date_gmt":"2019-02-20T17:05:02","guid":{"rendered":"http:\/\/arroyitoonline.com.ar\/?p=2215"},"modified":"2019-02-20T17:05:03","modified_gmt":"2019-02-20T17:05:03","slug":"genesio-si-no-denunciaba-hoy-estariamos-viendo-crecer-una-villa","status":"publish","type":"post","link":"https:\/\/arroyitoonline.com.ar\/?p=2215","title":{"rendered":"Genesio: \u201cSi no denunciaba, hoy estar\u00edamos viendo crecer una villa\u201d"},"content":{"rendered":"\n<p><strong>El concejal opositor defendi\u00f3 su acci\u00f3n en la Unidad Judicial, pidiendo explicaciones al Municipio y aseverando que <\/strong><em><strong>\u201cesto es tierra de nadie\u201d<\/strong><\/em><strong>. <\/strong><\/p>\n\n\n\n<p>La semana pasada, Wilson Genesio radic\u00f3 la denuncia N\u00ba 2263721\/2019 en la Unidad Judicial, por presunta ocupaci\u00f3n de terrenos fiscales que pertenecen al Estado. En este sentido, el concejal del Vecinalismo Independiente se\u00f1al\u00f3 que el Municipio <em>\u201cno est\u00e1 haciendo nada y encima est\u00e1 consintiendo, hasta les cortan el pasto; partiendo de la base de que, tanto esta gesti\u00f3n como gestiones anteriores, siempre han otorgado terrenos en condiciones muy precarias\u201d<\/em>. <\/p>\n\n\n\n<p>Sobre esta cuesti\u00f3n, ampli\u00f3 acusando al exintendente Benedetti de que, a vecinos del paraje El Fuertecito, <em>\u201cLes cobr\u00f3 los terrenos, los pagaron, tienen un m\u00edsero comodato y tuvieron que pelear para que les bajen la luz porque ya hab\u00eda familias con menores viviendo ah\u00ed y son terrenos del ferrocarril\u201d<\/em>, agregando que <em>\u201cse abusan de la necesidad de la gente, que no tiene d\u00f3nde vivir\u201d<\/em>.  <\/p>\n\n\n\n<p>El 10 de diciembre, un grupo de vecinos del Barrio Xanaes se comunic\u00f3 con Genesio, manifest\u00e1ndole su preocupaci\u00f3n <em>\u201cporque se nos est\u00e1 asentando una villa al lado del r\u00edo\u201d<\/em>. Entonces, el pol\u00edtico habl\u00f3 con el comisario Inspector Pablo Berardo para que \u00e9ste corroborara la situaci\u00f3n, advirti\u00e9ndole que se hab\u00eda encontrado con alambrados perimetrales en terrenos que son estatales. En ese momento, y seg\u00fan lo confirm\u00f3 el jefe de Zona de la Polic\u00eda, fueron con el m\u00f3vil y la gente ya no estaba. <em>\u201cPero ayer fui y vi la reposera del tipo sentado ah\u00ed, la lona tendida, las tarimas\u201d<\/em>, enumer\u00f3 Wilson. <\/p>\n\n\n\n<p>Los lotes a los que se refiere el miembro del cuerpo deliberativo se encuentran en la intersecci\u00f3n de la Av. Illia con Per\u00f3n (Costanera) hacia el este. <em>\u201cTen\u00e9s alambrado ol\u00edmpico, ten\u00e9s bajada de electricidad, cartel de propiedad privada, han usado usucapi\u00f3n o algo por el estilo. Directamente fui a la Unidad Judicial a decirles `se\u00f1ores, se les est\u00e1 asentando una villa\u00b4. Me tomaron la denuncia, que ahora est\u00e1 en manos de la fiscal, que deber\u00e1 investigar en qu\u00e9 condiciones est\u00e1 esa gente asent\u00e1ndose ah\u00ed, cu\u00e1l es la raz\u00f3n por la cual el Municipio les permite alambrar\u201d<\/em>, asever\u00f3 Genesio. <\/p>\n\n\n\n<p>Si bien el concejal asumi\u00f3 que no conoce a los responsables, expres\u00f3 que el <em>\u201cMunicipio debe empezar a atender esta necesidad con pol\u00edticas habitacionales m\u00e1s r\u00e1pidas. 30 viviendas por a\u00f1o no le solucionan la vida a nadie y la gente sale llorando de los sorteos de esas benditas casas y si alguien hoy quiere ir a comprar un plan, le cuesta casi 400.000 pesos poder ingresar. D\u00edganme a d\u00f3nde est\u00e1 lo social. Planteo un plan de 700 viviendas en un a\u00f1o, y que la gente empiece a pagar reci\u00e9n cuando las habita. Basta, se nos est\u00e1 desmoronando la ciudad, la droga corre a m\u00e1s no poder, los j\u00f3venes no encuentran los espacios, la gente vive encerrada por el tema de la inseguridad, las calles se nos destruyen, los espacios verdes no los podemos utilizar. Esto es tierra de nadie\u201d<\/em>.  La foto es gentileza de Canal 3. <\/p>\n","protected":false},"excerpt":{"rendered":"<p>El concejal opositor defendi\u00f3 su acci\u00f3n en la Unidad Judicial, pidiendo explicaciones al Municipio y aseverando que \u201cesto es tierra&hellip;<\/p>\n","protected":false},"author":3,"featured_media":2216,"comment_status":"closed","ping_status":"open","sticky":false,"template":"","format":"standard","meta":{"footnotes":""},"categories":[8],"tags":[66,67,836,273,401,555,556,634,640],"class_list":["post-2215","post","type-post","status-publish","format-standard","has-post-thumbnail","hentry","category-politica","tag-arroyito","tag-arroyito-cordoba","tag-arroyito-online","tag-denuncia","tag-genesio","tag-municipalidad","tag-municipalidad-de-arroyito","tag-polemica","tag-politica"],"_links":{"self":[{"href":"https:\/\/arroyitoonline.com.ar\/index.php?rest_route=\/wp\/v2\/posts\/2215","targetHints":{"allow":["GET"]}}],"collection":[{"href":"https:\/\/arroyitoonline.com.ar\/index.php?rest_route=\/wp\/v2\/posts"}],"about":[{"href":"https:\/\/arroyitoonline.com.ar\/index.php?rest_route=\/wp\/v2\/types\/post"}],"author":[{"embeddable":true,"href":"https:\/\/arroyitoonline.com.ar\/index.php?rest_route=\/wp\/v2\/users\/3"}],"replies":[{"embeddable":true,"href":"https:\/\/arroyitoonline.com.ar\/index.php?rest_route=%2Fwp%2Fv2%2Fcomments&post=2215"}],"version-history":[{"count":1,"href":"https:\/\/arroyitoonline.com.ar\/index.php?rest_route=\/wp\/v2\/posts\/2215\/revisions"}],"predecessor-version":[{"id":2217,"href":"https:\/\/arroyitoonline.com.ar\/index.php?rest_route=\/wp\/v2\/posts\/2215\/revisions\/2217"}],"wp:featuredmedia":[{"embeddable":true,"href":"https:\/\/arroyitoonline.com.ar\/index.php?rest_route=\/wp\/v2\/media\/2216"}],"wp:attachment":[{"href":"https:\/\/arroyitoonline.com.ar\/index.php?rest_route=%2Fwp%2Fv2%2Fmedia&parent=2215"}],"wp:term":[{"taxonomy":"category","embeddable":true,"href":"https:\/\/arroyitoonline.com.ar\/index.php?rest_route=%2Fwp%2Fv2%2Fcategories&post=2215"},{"taxonomy":"post_tag","embeddable":true,"href":"https:\/\/arroyitoonline.com.ar\/index.php?rest_route=%2Fwp%2Fv2%2Ftags&post=2215"}],"curies":[{"name":"wp","href":"https:\/\/api.w.org\/{rel}","templated":true}]}}