{"id":2222,"date":"2019-02-20T22:28:16","date_gmt":"2019-02-20T22:28:16","guid":{"rendered":"http:\/\/arroyitoonline.com.ar\/?p=2222"},"modified":"2019-02-20T22:28:17","modified_gmt":"2019-02-20T22:28:17","slug":"sube-el-gas-categorias-mas-bajas-pagarian-el-doble-que-el-invierno-pasado","status":"publish","type":"post","link":"https:\/\/arroyitoonline.com.ar\/?p=2222","title":{"rendered":"Sube el gas: categor\u00edas m\u00e1s bajas pagar\u00edan el doble que el invierno pasado"},"content":{"rendered":"\n<p><strong>El aumento semestral solicitado\nal Enargas, que se debatir\u00e1 en audiencia p\u00fablica, regir\u00e1 desde el 1\u00ba de abril. <\/strong><\/p>\n\n\n\n<p>Con el oto\u00f1o y el invierno a la vuelta de la esquina, la\npreocupaci\u00f3n por el impacto de las subas del gas crece otra vez entre los\nusuarios residenciales. En las \u00faltimas horas, las transportadoras y\ndistribuidoras de gas de todo el pa\u00eds, incluida Ecogas, realizaron el pedido al\nEnargas para el aumento semestral que regir\u00e1 a partir del&nbsp;<strong>1\u00ba de abril.<\/strong><\/p>\n\n\n\n<p>En este sentido, las audiencias p\u00fablicas ser\u00e1n el 26 y el 28\nde febrero y se prev\u00e9 que el servicio aumente pocos puntos por debajo de lo que\npidieron las empresas. As\u00ed, seg\u00fan relev\u00f3&nbsp;<strong><em>La Voz<\/em><\/strong>,&nbsp;<strong>las\ncategor\u00edas m\u00e1s bajas pagar\u00e1n un 100 por ciento m\u00e1s que el invierno pasado por\nel mismo consumo.<\/strong><\/p>\n\n\n\n<p>Ecogas solicit\u00f3 un incremento del&nbsp;<strong>29 por ciento<\/strong>&nbsp;en\nel metro c\u00fabico consumido. Esa cifra, sumada a los anteriores aumentos, implica\nel doble de esfuerzo econ\u00f3mico de los usuarios de las cuatro categor\u00edas m\u00e1s\nbajas.<\/p>\n\n\n\n<p>Por ejemplo, lo pagar\u00e1n los consumidores de la categor\u00eda R2-3, la m\u00e1s com\u00fan en C\u00f3rdoba (966 m3 anuales). Los clientes intermedios (que consuman entre 1.000 y 1.800 m3) pagar\u00edan 69 por ciento m\u00e1s, mientras que la categor\u00eda m\u00e1s alta (consumo de 1.800 m3 al a\u00f1o) tendr\u00eda una suba del 54 por ciento.<\/p>\n\n\n\n<p>Fuente: El Doce.  <\/p>\n","protected":false},"excerpt":{"rendered":"<p>El aumento semestral solicitado al Enargas, que se debatir\u00e1 en audiencia p\u00fablica, regir\u00e1 desde el 1\u00ba de abril. Con el&hellip;<\/p>\n","protected":false},"author":3,"featured_media":2223,"comment_status":"closed","ping_status":"open","sticky":false,"template":"","format":"standard","meta":{"footnotes":""},"categories":[879],"tags":[66,67,836,83,855,396,397,572,731,732,752],"class_list":["post-2222","post","type-post","status-publish","format-standard","has-post-thumbnail","hentry","category-servicios-publicos","tag-arroyito","tag-arroyito-cordoba","tag-arroyito-online","tag-aumentos","tag-crisis","tag-gas","tag-gas-natural","tag-noticias-de-arroyito-y-zona","tag-servicios","tag-servicios-publicos","tag-tarifazo"],"_links":{"self":[{"href":"https:\/\/arroyitoonline.com.ar\/index.php?rest_route=\/wp\/v2\/posts\/2222","targetHints":{"allow":["GET"]}}],"collection":[{"href":"https:\/\/arroyitoonline.com.ar\/index.php?rest_route=\/wp\/v2\/posts"}],"about":[{"href":"https:\/\/arroyitoonline.com.ar\/index.php?rest_route=\/wp\/v2\/types\/post"}],"author":[{"embeddable":true,"href":"https:\/\/arroyitoonline.com.ar\/index.php?rest_route=\/wp\/v2\/users\/3"}],"replies":[{"embeddable":true,"href":"https:\/\/arroyitoonline.com.ar\/index.php?rest_route=%2Fwp%2Fv2%2Fcomments&post=2222"}],"version-history":[{"count":1,"href":"https:\/\/arroyitoonline.com.ar\/index.php?rest_route=\/wp\/v2\/posts\/2222\/revisions"}],"predecessor-version":[{"id":2224,"href":"https:\/\/arroyitoonline.com.ar\/index.php?rest_route=\/wp\/v2\/posts\/2222\/revisions\/2224"}],"wp:featuredmedia":[{"embeddable":true,"href":"https:\/\/arroyitoonline.com.ar\/index.php?rest_route=\/wp\/v2\/media\/2223"}],"wp:attachment":[{"href":"https:\/\/arroyitoonline.com.ar\/index.php?rest_route=%2Fwp%2Fv2%2Fmedia&parent=2222"}],"wp:term":[{"taxonomy":"category","embeddable":true,"href":"https:\/\/arroyitoonline.com.ar\/index.php?rest_route=%2Fwp%2Fv2%2Fcategories&post=2222"},{"taxonomy":"post_tag","embeddable":true,"href":"https:\/\/arroyitoonline.com.ar\/index.php?rest_route=%2Fwp%2Fv2%2Ftags&post=2222"}],"curies":[{"name":"wp","href":"https:\/\/api.w.org\/{rel}","templated":true}]}}