{"id":2268,"date":"2019-02-22T02:49:25","date_gmt":"2019-02-22T02:49:25","guid":{"rendered":"http:\/\/arroyitoonline.com.ar\/?p=2268"},"modified":"2019-02-22T18:58:45","modified_gmt":"2019-02-22T18:58:45","slug":"andaba-en-contramano-choco-y-su-hija-resulto-con-traumatismo-de-craneo","status":"publish","type":"post","link":"https:\/\/arroyitoonline.com.ar\/?p=2268","title":{"rendered":"Andaba en contramano, choc\u00f3 y una menor result\u00f3 con traumatismo de cr\u00e1neo"},"content":{"rendered":"\n<p>La mujer (40) iba por Belgrano, con la nena de cuatro a\u00f1os, cuando fue atropellada por una pickup. La especialista en Accidentolog\u00eda Cintia Bruera pidi\u00f3 que <em>\u201cPensemos, nos concienticemos y cambiemos\u201d<\/em>.<\/p>\n\n\n\n<p>Esta ma\u00f1ana a las 10:40 horas, se produjo un accidente de tr\u00e1nsito en la intersecci\u00f3n de la avenida Bernardo Erb y calle Belgrano.<\/p>\n\n\n\n<p>Una pickup Mercedes Benz Vito color gris conducida por un hombre de 37 a\u00f1os circulaba por Erb de norte a sur. Cuando la camioneta lleg\u00f3 a la esquina colision\u00f3 con una moto Guerrero Trip roja, sin dominio, guiada por una mujer (40) acompa\u00f1ada de su hija de cuatro a\u00f1os, que andaba contramano \u2013de este a oeste-.<\/p>\n\n\n\n<p>A ra\u00edz del impacto, ambas ocupantes del rodado menor fueron trasladadas al Hospital Municipal Carlos J. Rodr\u00edguez. En el nosocomio, la Dra. Serrudo le diagnostic\u00f3 a la nena, un traumatismo de cr\u00e1neo, quedando internada en observaci\u00f3n.<\/p>\n\n\n\n<p>Fuente: informe policial del comisario Cl\u00e9ver Salguero.<\/p>\n\n\n\n<p><strong>Repercusiones del siniestro<\/strong><\/p>\n\n\n\n<p>Sobre el hecho, y alertada por la imprudencia de la motociclista, se expres\u00f3 en Facebook la licenciada en Criminal\u00edstica con especializaci\u00f3n t\u00e9cnica en Accidentolog\u00eda Vial, Cintia Bruera, integrante del Foro de Familiares de V\u00edctimas de Siniestros Viales de la Provincia de C\u00f3rdoba (FFVSV).<\/p>\n\n\n\n<p>La profesional dirigi\u00f3 su mensaje <em>\u201ca toda la comunidad de Arroyito\u201d <\/em>lament\u00e1ndose porque, como casi todos los d\u00edas, \u201cotro siniestro vial m\u00e1s, sucedi\u00f3 a unos metros de la esquina de casa. Me constern\u00f3 el hecho de asistir y contener en mis brazos a la peque\u00f1a ni\u00f1a en su estado de susto, nervios y lesiones en su cabecita y cuerpito pensando a la vez`como mam\u00e1, como adulto, \u00bfpor qu\u00e9 ya perdimos hasta el valor de cuidar m\u00e1s la vida de nuestros hijos?\u00b4\u201d.<\/p>\n\n\n\n<p>A continuaci\u00f3n, Cintia se pregunt\u00f3 \u201c\u00bfPor qu\u00e9 circular en motocicleta sin cascos, sin luces, fuerte y en contra mano? O circular en bicicleta con hasta dos o tres ni\u00f1os, sin respetar el sentido de circulaci\u00f3n, sem\u00e1foros o no frenar en las esquinas\u201d.<\/p>\n\n\n\n<p>Siguiendo con su razonamiento, Bruera se\u00f1al\u00f3 que <em>\u201cMejor culpamos a los conductores de veh\u00edculos ante un hecho, en caso que sean inocentes, al gobierno de turno o a Dios. \u00bfAcaso los ni\u00f1os, j\u00f3venes, hijos en fin, no son los m\u00e1s hermoso que la vida nos da? \u00bfPor qu\u00e9 los descuidamos tanto en la v\u00eda p\u00fablica? Mejor dicho, nos estamos descuidando demasiado en la v\u00eda p\u00fablica, porque creemos que nada nos va a pasar\u201d<\/em>.<\/p>\n\n\n\n<p>Sobre el final de su comunicado, la especialista expres\u00f3 que <em>\u201cnos quejamos de que no hace nada el Municipio con respecto al tema, m\u00e1s all\u00e1 que falte m\u00e1s labor en esa \u00e1rea, pero al tr\u00e1nsito lo conformamos todos desde el hecho de salir a transitar por las calles o rutas. \u00bfNo creen que es responsabilidad de todos mejorar esta tem\u00e1tica en la ciudad y es hora de valorar m\u00e1s la vida propia y ajena? Pensemos, nos concienticemos y cambiemos, no reaccionemos cuando las desgracias nos tocan de cerca\u201d<\/em>. <\/p>\n","protected":false},"excerpt":{"rendered":"<p>La mujer (40) iba por Belgrano, con la nena de cuatro a\u00f1os, cuando fue atropellada por una pickup. La especialista&hellip;<\/p>\n","protected":false},"author":3,"featured_media":2271,"comment_status":"closed","ping_status":"open","sticky":false,"template":"","format":"standard","meta":{"footnotes":""},"categories":[824],"tags":[66,67,836,78,191,572,635,637,638,825,737],"class_list":["post-2268","post","type-post","status-publish","format-standard","has-post-thumbnail","hentry","category-policiales-online","tag-arroyito","tag-arroyito-cordoba","tag-arroyito-online","tag-asociacion-civil-foro-de-familiares-de-victimas-de-siniestros-viales-de-arroyito","tag-choque","tag-noticias-de-arroyito-y-zona","tag-policia","tag-policiales","tag-policiales-arroyito","tag-policiales-online","tag-siniestro-vial"],"_links":{"self":[{"href":"https:\/\/arroyitoonline.com.ar\/index.php?rest_route=\/wp\/v2\/posts\/2268","targetHints":{"allow":["GET"]}}],"collection":[{"href":"https:\/\/arroyitoonline.com.ar\/index.php?rest_route=\/wp\/v2\/posts"}],"about":[{"href":"https:\/\/arroyitoonline.com.ar\/index.php?rest_route=\/wp\/v2\/types\/post"}],"author":[{"embeddable":true,"href":"https:\/\/arroyitoonline.com.ar\/index.php?rest_route=\/wp\/v2\/users\/3"}],"replies":[{"embeddable":true,"href":"https:\/\/arroyitoonline.com.ar\/index.php?rest_route=%2Fwp%2Fv2%2Fcomments&post=2268"}],"version-history":[{"count":3,"href":"https:\/\/arroyitoonline.com.ar\/index.php?rest_route=\/wp\/v2\/posts\/2268\/revisions"}],"predecessor-version":[{"id":2290,"href":"https:\/\/arroyitoonline.com.ar\/index.php?rest_route=\/wp\/v2\/posts\/2268\/revisions\/2290"}],"wp:featuredmedia":[{"embeddable":true,"href":"https:\/\/arroyitoonline.com.ar\/index.php?rest_route=\/wp\/v2\/media\/2271"}],"wp:attachment":[{"href":"https:\/\/arroyitoonline.com.ar\/index.php?rest_route=%2Fwp%2Fv2%2Fmedia&parent=2268"}],"wp:term":[{"taxonomy":"category","embeddable":true,"href":"https:\/\/arroyitoonline.com.ar\/index.php?rest_route=%2Fwp%2Fv2%2Fcategories&post=2268"},{"taxonomy":"post_tag","embeddable":true,"href":"https:\/\/arroyitoonline.com.ar\/index.php?rest_route=%2Fwp%2Fv2%2Ftags&post=2268"}],"curies":[{"name":"wp","href":"https:\/\/api.w.org\/{rel}","templated":true}]}}