{"id":2286,"date":"2019-02-22T18:56:00","date_gmt":"2019-02-22T18:56:00","guid":{"rendered":"http:\/\/arroyitoonline.com.ar\/?p=2286"},"modified":"2019-02-22T18:56:01","modified_gmt":"2019-02-22T18:56:01","slug":"un-motociclista-esta-grave-tras-chocar-y-luego-ser-atropellado","status":"publish","type":"post","link":"https:\/\/arroyitoonline.com.ar\/?p=2286","title":{"rendered":"Un motociclista est\u00e1 grave tras chocar y luego ser atropellado"},"content":{"rendered":"\n<p><strong>Fue en ruta 19, entre El Fuertecito y El T\u00edo. El joven impact\u00f3 un auto desde atr\u00e1s, cay\u00f3 al asfalto y fue arrollado por otro veh\u00edculo.<\/strong><\/p>\n\n\n\n<p>Anoche pasadas las 22:00 horas, se produjo un accidente en el Km 211 de la ruta 19, entre El Fuertecito y El T\u00edo. Por causas que tratan de establecerse, una moto Honda X Extreme negra \u2013sin dominio visible- manejada por un joven (19) choc\u00f3 desde atr\u00e1s a un Chevrolet Prisma gris conducido por un hombre (34) de La Francia.<\/p>\n\n\n\n<p>Por el impacto, el rodado menor perdi\u00f3 el control cayendo a la carpeta asf\u00e1ltica siendo atropellado por un Gol Country azul que circulaba detr\u00e1s guiado por un se\u00f1or (58) de Villa Allende, el cual iba con dos acompa\u00f1antes de 17 y 44 a\u00f1os. Todos los veh\u00edculos transitaban en direcci\u00f3n este a oeste.<\/p>\n\n\n\n<p>En el lugar se present\u00f3 el servicio de emergencias del Hospital Municipal asistiendo al conductor de la moto siendo \u00e9ste el \u00fanico herido. El m\u00e9dico le diagnostic\u00f3 lesiones de car\u00e1cter reservadas, traslad\u00e1ndolo al nosocomio local. Momentos m\u00e1s tarde, y una vez estabilizado, fue derivado al Sanatorio Franc\u00e9s de la ciudad de C\u00f3rdoba.<\/p>\n\n\n\n<p>En el transcurso de esta ma\u00f1ana, la Polic\u00eda ha consultado por su estado de salud informando que se encuentra grave, con m\u00faltiples fracturas e internado en terapia intensiva.<\/p>\n\n\n\n<p>Por su parte, el m\u00e9dico Sergio Quinteros ampli\u00f3 a Canal 3 que, aunque el joven usaba casco, sufri\u00f3 traumatismos en el cr\u00e1neo y la cervical, tambi\u00e9n padeci\u00f3 rotura de f\u00e9mur y una herida en la tr\u00e1quea. <\/p>\n\n\n\n<p>Adem\u00e1s, el doctor inform\u00f3 que las im\u00e1genes no pudieron hacerse en Arroyito, debido a que el paciente presentaba un shock por p\u00e9rdida de sangre y dolor, sumado a que ten\u00eda la tensi\u00f3n arterial demasiado baja.<\/p>\n\n\n\n<p>Foto gentileza Canal 3. <\/p>\n","protected":false},"excerpt":{"rendered":"<p>Fue en ruta 19, entre El Fuertecito y El T\u00edo. El joven impact\u00f3 un auto desde atr\u00e1s, cay\u00f3 al asfalto&hellip;<\/p>\n","protected":false},"author":3,"featured_media":2287,"comment_status":"closed","ping_status":"open","sticky":false,"template":"","format":"standard","meta":{"footnotes":""},"categories":[824],"tags":[22,66,67,836,191,547,572,635,637,638,825,698,701,737],"class_list":["post-2286","post","type-post","status-publish","format-standard","has-post-thumbnail","hentry","category-policiales-online","tag-accidente","tag-arroyito","tag-arroyito-cordoba","tag-arroyito-online","tag-choque","tag-motos","tag-noticias-de-arroyito-y-zona","tag-policia","tag-policiales","tag-policiales-arroyito","tag-policiales-online","tag-ruta-19","tag-ruta-nacional-n-19","tag-siniestro-vial"],"_links":{"self":[{"href":"https:\/\/arroyitoonline.com.ar\/index.php?rest_route=\/wp\/v2\/posts\/2286","targetHints":{"allow":["GET"]}}],"collection":[{"href":"https:\/\/arroyitoonline.com.ar\/index.php?rest_route=\/wp\/v2\/posts"}],"about":[{"href":"https:\/\/arroyitoonline.com.ar\/index.php?rest_route=\/wp\/v2\/types\/post"}],"author":[{"embeddable":true,"href":"https:\/\/arroyitoonline.com.ar\/index.php?rest_route=\/wp\/v2\/users\/3"}],"replies":[{"embeddable":true,"href":"https:\/\/arroyitoonline.com.ar\/index.php?rest_route=%2Fwp%2Fv2%2Fcomments&post=2286"}],"version-history":[{"count":1,"href":"https:\/\/arroyitoonline.com.ar\/index.php?rest_route=\/wp\/v2\/posts\/2286\/revisions"}],"predecessor-version":[{"id":2288,"href":"https:\/\/arroyitoonline.com.ar\/index.php?rest_route=\/wp\/v2\/posts\/2286\/revisions\/2288"}],"wp:featuredmedia":[{"embeddable":true,"href":"https:\/\/arroyitoonline.com.ar\/index.php?rest_route=\/wp\/v2\/media\/2287"}],"wp:attachment":[{"href":"https:\/\/arroyitoonline.com.ar\/index.php?rest_route=%2Fwp%2Fv2%2Fmedia&parent=2286"}],"wp:term":[{"taxonomy":"category","embeddable":true,"href":"https:\/\/arroyitoonline.com.ar\/index.php?rest_route=%2Fwp%2Fv2%2Fcategories&post=2286"},{"taxonomy":"post_tag","embeddable":true,"href":"https:\/\/arroyitoonline.com.ar\/index.php?rest_route=%2Fwp%2Fv2%2Ftags&post=2286"}],"curies":[{"name":"wp","href":"https:\/\/api.w.org\/{rel}","templated":true}]}}