{"id":2337,"date":"2019-02-25T16:37:57","date_gmt":"2019-02-25T16:37:57","guid":{"rendered":"http:\/\/arroyitoonline.com.ar\/?p=2337"},"modified":"2019-02-25T17:11:42","modified_gmt":"2019-02-25T17:11:42","slug":"los-19-trabajadores-tomaron-acerfor","status":"publish","type":"post","link":"https:\/\/arroyitoonline.com.ar\/?p=2337","title":{"rendered":"Los 19 trabajadores tomaron Acerfor"},"content":{"rendered":"\n<p><strong>Est\u00e1n acompa\u00f1ados por miembros del STIA Arroyito. La decisi\u00f3n fue tomada tras la recepci\u00f3n de los telegramas de despido. <\/strong><\/p>\n\n\n\n<p>En la ma\u00f1ana de este lunes, los 19 trabajadores de la empresa\nAcerfor acompa\u00f1ados por miembros del Sindicato de Trabajadores de Industrias de\nla Alimentaci\u00f3n (STIA) Arroyito tomaron la planta ubicada en la calle Obispo\nTrejo. <\/p>\n\n\n\n<p>Luego de las manifestaciones con corte de media calzada de la\nruta 19, realizadas los d\u00edas mi\u00e9rcoles y viernes pasados, y las asambleas de\ncuatro horas por turno, la situaci\u00f3n se tens\u00f3 a\u00fan m\u00e1s. <\/p>\n\n\n\n<figure class=\"wp-block-embed-facebook wp-block-embed is-type-video is-provider-facebook\"><div class=\"wp-block-embed__wrapper\">\nhttps:\/\/www.facebook.com\/2352090848352136\/videos\/1241620539338057\/\n<\/div><\/figure>\n\n\n\n<p>Hoy los obreros recibieron los telegramas de despido y la\nincertidumbre en relaci\u00f3n a la p\u00e9rdida de su fuente laboral lleg\u00f3 a su fin. Es que\ncon la recepci\u00f3n de estos documentos, los involucrados supieron con certeza\nque, en marzo, pasar\u00e1n a engrosar la lista de desocupados. Los despidos se\nhar\u00e1n efectivos el 28 de febrero, cuando se extinga el convenio que liga, desde\nhace 10 a\u00f1os, a la firma en cuesti\u00f3n con Arcor, su \u00fanico cliente.<\/p>\n\n\n\n<p>Adem\u00e1s, la toma de la planta implica una presencia pasiva y pac\u00edfica de los obreros las 24 horas, con impedimento de acceso a la patronal, y persistir\u00e1 hasta que el Ministerio de Trabajo de la Provincia dicte la conciliaci\u00f3n obligatoria. La cartera laboral tambi\u00e9n deber\u00e1 arbitrar en materia de indemnizaciones, otra de las cuestiones que desvela a la conducci\u00f3n del gremio y a los damnificados. <\/p>\n","protected":false},"excerpt":{"rendered":"<p>Est\u00e1n acompa\u00f1ados por miembros del STIA Arroyito. La decisi\u00f3n fue tomada tras la recepci\u00f3n de los telegramas de despido. En&hellip;<\/p>\n","protected":false},"author":3,"featured_media":2338,"comment_status":"closed","ping_status":"open","sticky":false,"template":"","format":"standard","meta":{"footnotes":""},"categories":[6],"tags":[66,67,836,855,883,284,407,537,572,741,768],"class_list":["post-2337","post","type-post","status-publish","format-standard","has-post-thumbnail","hentry","category-interes-general","tag-arroyito","tag-arroyito-cordoba","tag-arroyito-online","tag-crisis","tag-desocupados","tag-despidos","tag-gremios","tag-ministerio-de-trabajo","tag-noticias-de-arroyito-y-zona","tag-stia","tag-trabajo"],"_links":{"self":[{"href":"https:\/\/arroyitoonline.com.ar\/index.php?rest_route=\/wp\/v2\/posts\/2337","targetHints":{"allow":["GET"]}}],"collection":[{"href":"https:\/\/arroyitoonline.com.ar\/index.php?rest_route=\/wp\/v2\/posts"}],"about":[{"href":"https:\/\/arroyitoonline.com.ar\/index.php?rest_route=\/wp\/v2\/types\/post"}],"author":[{"embeddable":true,"href":"https:\/\/arroyitoonline.com.ar\/index.php?rest_route=\/wp\/v2\/users\/3"}],"replies":[{"embeddable":true,"href":"https:\/\/arroyitoonline.com.ar\/index.php?rest_route=%2Fwp%2Fv2%2Fcomments&post=2337"}],"version-history":[{"count":3,"href":"https:\/\/arroyitoonline.com.ar\/index.php?rest_route=\/wp\/v2\/posts\/2337\/revisions"}],"predecessor-version":[{"id":2344,"href":"https:\/\/arroyitoonline.com.ar\/index.php?rest_route=\/wp\/v2\/posts\/2337\/revisions\/2344"}],"wp:featuredmedia":[{"embeddable":true,"href":"https:\/\/arroyitoonline.com.ar\/index.php?rest_route=\/wp\/v2\/media\/2338"}],"wp:attachment":[{"href":"https:\/\/arroyitoonline.com.ar\/index.php?rest_route=%2Fwp%2Fv2%2Fmedia&parent=2337"}],"wp:term":[{"taxonomy":"category","embeddable":true,"href":"https:\/\/arroyitoonline.com.ar\/index.php?rest_route=%2Fwp%2Fv2%2Fcategories&post=2337"},{"taxonomy":"post_tag","embeddable":true,"href":"https:\/\/arroyitoonline.com.ar\/index.php?rest_route=%2Fwp%2Fv2%2Ftags&post=2337"}],"curies":[{"name":"wp","href":"https:\/\/api.w.org\/{rel}","templated":true}]}}