{"id":2341,"date":"2019-02-25T17:08:45","date_gmt":"2019-02-25T17:08:45","guid":{"rendered":"http:\/\/arroyitoonline.com.ar\/?p=2341"},"modified":"2019-02-25T17:08:46","modified_gmt":"2019-02-25T17:08:46","slug":"un-camionero-embistio-el-nivelador-de-altura-de-giusti-y-pidio-hacerse-cargo-de-los-danos","status":"publish","type":"post","link":"https:\/\/arroyitoonline.com.ar\/?p=2341","title":{"rendered":"Un camionero embisti\u00f3 el nivelador de altura de Giusti y pidi\u00f3 hacerse cargo de los da\u00f1os"},"content":{"rendered":"\n<p><strong>Previo llamado al n\u00famero de\nemergencias 101, el hombre se present\u00f3 en la Comisar\u00eda de manera espont\u00e1nea. El\nhecho fue registrado por la c\u00e1mara de seguridad que hay en el sector. <\/strong><\/p>\n\n\n\n<p>A las 16:00 horas del viernes, la operadora de turno\ndel Centro de Control Operativo de la Comisaria local realizaba el chequeo de\nlos sectores monitoreados por las c\u00e1maras de seguridad distribuidas en la\nciudad. <\/p>\n\n\n\n<p>En ese momento observ\u00f3 que el domo N\u00ba 14 colocado en\nla intersecci\u00f3n de Pac\u00edfico Giusti y Pje. Juan Fonti capt\u00f3 el momento en el que\nun cami\u00f3n, que iba de sur a norte por Giusti, envisti\u00f3 la parte superior del\nnivelador de altura que se encontraba emplazado en el acceso norte del paso a\nnivel, desprendi\u00e9ndolo en su totalidad. Por consiguiente, la Polic\u00eda entreg\u00f3 el\nprocedimiento a la Unidad Judicial. <\/p>\n\n\n\n<p>M\u00e1s tarde, previo aviso al n\u00famero de emergencias 101, un hombre se present\u00f3 de manera espont\u00e1nea en la dependencia policial, manifestando que era el causante del da\u00f1o, poni\u00e9ndose a disposici\u00f3n de de la Justicia e informando que se har\u00eda cargo del costo econ\u00f3mico ocasionado al Municipio.  <\/p>\n\n\n\n<p>Fuente: informe del comisario Clever Salguero. <\/p>\n","protected":false},"excerpt":{"rendered":"<p>Previo llamado al n\u00famero de emergencias 101, el hombre se present\u00f3 en la Comisar\u00eda de manera espont\u00e1nea. El hecho fue&hellip;<\/p>\n","protected":false},"author":3,"featured_media":2342,"comment_status":"closed","ping_status":"open","sticky":false,"template":"","format":"standard","meta":{"footnotes":""},"categories":[824],"tags":[66,67,836,145,572,591,635,637,638,825],"class_list":["post-2341","post","type-post","status-publish","format-standard","has-post-thumbnail","hentry","category-policiales-online","tag-arroyito","tag-arroyito-cordoba","tag-arroyito-online","tag-camioneros","tag-noticias-de-arroyito-y-zona","tag-pacifico-giusti","tag-policia","tag-policiales","tag-policiales-arroyito","tag-policiales-online"],"_links":{"self":[{"href":"https:\/\/arroyitoonline.com.ar\/index.php?rest_route=\/wp\/v2\/posts\/2341","targetHints":{"allow":["GET"]}}],"collection":[{"href":"https:\/\/arroyitoonline.com.ar\/index.php?rest_route=\/wp\/v2\/posts"}],"about":[{"href":"https:\/\/arroyitoonline.com.ar\/index.php?rest_route=\/wp\/v2\/types\/post"}],"author":[{"embeddable":true,"href":"https:\/\/arroyitoonline.com.ar\/index.php?rest_route=\/wp\/v2\/users\/3"}],"replies":[{"embeddable":true,"href":"https:\/\/arroyitoonline.com.ar\/index.php?rest_route=%2Fwp%2Fv2%2Fcomments&post=2341"}],"version-history":[{"count":1,"href":"https:\/\/arroyitoonline.com.ar\/index.php?rest_route=\/wp\/v2\/posts\/2341\/revisions"}],"predecessor-version":[{"id":2343,"href":"https:\/\/arroyitoonline.com.ar\/index.php?rest_route=\/wp\/v2\/posts\/2341\/revisions\/2343"}],"wp:featuredmedia":[{"embeddable":true,"href":"https:\/\/arroyitoonline.com.ar\/index.php?rest_route=\/wp\/v2\/media\/2342"}],"wp:attachment":[{"href":"https:\/\/arroyitoonline.com.ar\/index.php?rest_route=%2Fwp%2Fv2%2Fmedia&parent=2341"}],"wp:term":[{"taxonomy":"category","embeddable":true,"href":"https:\/\/arroyitoonline.com.ar\/index.php?rest_route=%2Fwp%2Fv2%2Fcategories&post=2341"},{"taxonomy":"post_tag","embeddable":true,"href":"https:\/\/arroyitoonline.com.ar\/index.php?rest_route=%2Fwp%2Fv2%2Ftags&post=2341"}],"curies":[{"name":"wp","href":"https:\/\/api.w.org\/{rel}","templated":true}]}}