{"id":2350,"date":"2019-02-25T18:49:18","date_gmt":"2019-02-25T18:49:18","guid":{"rendered":"http:\/\/arroyitoonline.com.ar\/?p=2350"},"modified":"2019-02-25T18:49:20","modified_gmt":"2019-02-25T18:49:20","slug":"confirmado-cuento-viejo-enfiestara-la-ultima-noche-de-carnavales-en-arroyito","status":"publish","type":"post","link":"https:\/\/arroyitoonline.com.ar\/?p=2350","title":{"rendered":"Confirmado: Cuento Viejo enfiestar\u00e1 la \u00faltima noche de carnavales en Arroyito"},"content":{"rendered":"\n<p><strong>La nutrida agenda de\nla banda del momento tendr\u00e1 su broche de oro en el evento organizado por el\nMunicipio y Gardelia. <\/strong><\/p>\n\n\n\n<p>Los Cuento viejo vienen teniendo un 2019 exitoso por donde\nse lo mire. Es que su primer videoclip Viejo, subido el 23 de enero, ya acumula\n2.250 reproducciones en YouTube. Adem\u00e1s, los toques del grupo se multiplican\ncada fin de semana. Por ejemplo, la \u201ccaravana cuentera\u201d lleg\u00f3 el s\u00e1bado 23 y el\ndomingo 24 a La Para y Sacanta. Por su parte, este s\u00e1bado 2 har\u00e1n el cierre de\nla primera noche de Carnanavales en Tr\u00e1nsito. <\/p>\n\n\n\n<figure class=\"wp-block-embed-youtube wp-block-embed is-type-video is-provider-youtube wp-embed-aspect-16-9 wp-has-aspect-ratio\"><div class=\"wp-block-embed__wrapper\">\n<div class=\"epyt-video-wrapper\"><iframe loading=\"lazy\"  style=\"display: block; margin: 0px auto;\"  id=\"_ytid_47916\"  width=\"1140\" height=\"641\"  data-origwidth=\"1140\" data-origheight=\"641\" src=\"https:\/\/www.youtube.com\/embed\/Wzn_qhZnRIA?enablejsapi=1&#038;autoplay=0&#038;cc_load_policy=1&#038;cc_lang_pref=&#038;iv_load_policy=3&#038;loop=0&#038;rel=1&#038;fs=1&#038;playsinline=0&#038;autohide=2&#038;theme=dark&#038;color=red&#038;controls=1&#038;disablekb=0&#038;\" class=\"__youtube_prefs__  epyt-is-override  no-lazyload\" title=\"YouTube player\"  allow=\"fullscreen; accelerometer; autoplay; clipboard-write; encrypted-media; gyroscope; picture-in-picture; web-share\" referrerpolicy=\"strict-origin-when-cross-origin\" allowfullscreen data-no-lazy=\"1\" data-skipgform_ajax_framebjll=\"\"><\/iframe><\/div>\n<\/div><figcaption><em>El primer videoclip de la banda del momento acumula 2.250 reproducciones en poco m\u00e1s de un mes.<\/em><\/figcaption><\/figure>\n\n\n\n<p>Y aunque siempre los convocan en toda la zona, nada les\ngusta m\u00e1s que pisar los escenarios locales. En este sentido, al mediod\u00eda de\nhoy, recibieron un llamado que los alegr\u00f3 y enorgulleci\u00f3. Al respecto, cont\u00f3 la\nvoz principal de la banda, Mat\u00edas Mendoza, a <strong>Arroyito Online <\/strong>que <em>\u201ctengo\nuna primicia: confirmado, lunes 4 de marzo, Cuento Viejo en los Carnavales de\nArroyito\u201d <\/em>y agreg\u00f3 que <em>\u201custedes saben\nlo importante que es para nosotros tocar ac\u00e1\u201d<\/em>. <\/p>\n\n\n\n<p>As\u00ed es que los fans de la banda del momento podr\u00e1n\ndisfrutarlos este fin de semana, en el marco del evento organizado por el Municipio\ny la Comparsa Gardelia, en torno a la Plaza 25 de Mayo. <\/p>\n\n\n\n<p>Recordemos que el grupo est\u00e1 integrado adem\u00e1s por Nicol\u00e1s\nMoyano (bajo y coros), Sim\u00f3n Benedetti (guitarra y coros), Mat\u00edas Vieyra\n(guitarra y coros), Jonathan C\u00e1seres (bater\u00eda), Samuel Moriconi (percusi\u00f3n),\nJuan Devitt (saxo), Miguel Bachilleri (trompeta) y Mateo Pansarasa (teclado).<\/p>\n\n\n\n<p>Cuento Viejo combina diversos estilos musicales que van\ndesde el rock y el ska, hasta el cuarteto. Adem\u00e1s de sus temas\npropios,&nbsp;interpretan covers de bandas reconocidas como Los Caligaris y Los\nAut\u00e9nticos Decadentes.<\/p>\n\n\n\n<p>Foto gentileza Cuento Viejo. <\/p>\n","protected":false},"excerpt":{"rendered":"<p>La nutrida agenda de la banda del momento tendr\u00e1 su broche de oro en el evento organizado por el Municipio&hellip;<\/p>\n","protected":false},"author":3,"featured_media":2351,"comment_status":"closed","ping_status":"open","sticky":false,"template":"","format":"standard","meta":{"footnotes":""},"categories":[2],"tags":[66,67,836,155,831,351,862,559,572,695],"class_list":["post-2350","post","type-post","status-publish","format-standard","has-post-thumbnail","hentry","category-cultura-y-espectaculos","tag-arroyito","tag-arroyito-cordoba","tag-arroyito-online","tag-carnaval","tag-cuento-viejo","tag-espectaculos","tag-espectaculos-online","tag-musica","tag-noticias-de-arroyito-y-zona","tag-rock"],"_links":{"self":[{"href":"https:\/\/arroyitoonline.com.ar\/index.php?rest_route=\/wp\/v2\/posts\/2350","targetHints":{"allow":["GET"]}}],"collection":[{"href":"https:\/\/arroyitoonline.com.ar\/index.php?rest_route=\/wp\/v2\/posts"}],"about":[{"href":"https:\/\/arroyitoonline.com.ar\/index.php?rest_route=\/wp\/v2\/types\/post"}],"author":[{"embeddable":true,"href":"https:\/\/arroyitoonline.com.ar\/index.php?rest_route=\/wp\/v2\/users\/3"}],"replies":[{"embeddable":true,"href":"https:\/\/arroyitoonline.com.ar\/index.php?rest_route=%2Fwp%2Fv2%2Fcomments&post=2350"}],"version-history":[{"count":1,"href":"https:\/\/arroyitoonline.com.ar\/index.php?rest_route=\/wp\/v2\/posts\/2350\/revisions"}],"predecessor-version":[{"id":2352,"href":"https:\/\/arroyitoonline.com.ar\/index.php?rest_route=\/wp\/v2\/posts\/2350\/revisions\/2352"}],"wp:featuredmedia":[{"embeddable":true,"href":"https:\/\/arroyitoonline.com.ar\/index.php?rest_route=\/wp\/v2\/media\/2351"}],"wp:attachment":[{"href":"https:\/\/arroyitoonline.com.ar\/index.php?rest_route=%2Fwp%2Fv2%2Fmedia&parent=2350"}],"wp:term":[{"taxonomy":"category","embeddable":true,"href":"https:\/\/arroyitoonline.com.ar\/index.php?rest_route=%2Fwp%2Fv2%2Fcategories&post=2350"},{"taxonomy":"post_tag","embeddable":true,"href":"https:\/\/arroyitoonline.com.ar\/index.php?rest_route=%2Fwp%2Fv2%2Ftags&post=2350"}],"curies":[{"name":"wp","href":"https:\/\/api.w.org\/{rel}","templated":true}]}}