{"id":2362,"date":"2019-02-26T04:39:05","date_gmt":"2019-02-26T04:39:05","guid":{"rendered":"http:\/\/arroyitoonline.com.ar\/?p=2362"},"modified":"2019-02-26T12:54:44","modified_gmt":"2019-02-26T12:54:44","slug":"la-grafologa-flaviana-francesse-es-la-nueva-secretaria-del-concejo-deliberante","status":"publish","type":"post","link":"https:\/\/arroyitoonline.com.ar\/?p=2362","title":{"rendered":"La graf\u00f3loga Flaviana Francesse es la nueva secretaria del Concejo Deliberante"},"content":{"rendered":"\n<p><strong>Fue la primera\nmatriculada de la provincia en ese rubro. La propuso el Bloque Radical. El suyo\nfue el \u00fanico Curriculum presentado esta noche, durante la sesi\u00f3n preparatoria. <\/strong><\/p>\n\n\n\n<p>Esta noche, en la Sala de Deliberaciones del edificio municipal,\nse desarroll\u00f3 la Sesi\u00f3n Preparatoria Per\u00edodo 2019 del Concejo Deliberante, de\ncara a la Apertura de Sesiones Ordinarias que se producir\u00e1 el viernes 1\u00ba de\nmarzo.<\/p>\n\n\n\n<p>En la oportunidad deb\u00eda proponerse un nuevo secretario del\ncuerpo deliberativo, tras la renuncia de Claudio Vittone a fines del a\u00f1o\npasado, luego de m\u00e1s de 10 a\u00f1os cumpliendo esa funci\u00f3n. <\/p>\n\n\n\n<p>Por consiguiente, el Bloque de concejales de la UCR sugiri\u00f3\nel nombre de Flaviana Francesse, cuyo Curriculum fue el \u00fanico puesto sobre la\nmesa. Por su parte, los ediles del Vecinalismo Independiente, Wilson Genesio y\nJuan Jos\u00e9 Sileone, se inclinaron por la concreci\u00f3n de un concurso, opci\u00f3n que\nno prosper\u00f3. <\/p>\n\n\n\n<p>Una vez conocida la informaci\u00f3n, desde <strong>Arroyito Online<\/strong> nos comunicamos con la elegida, quien nos manifest\u00f3\nque <em>\u201cMe interesa la colaboraci\u00f3n que se\npuede brindar desde el cargo de secretaria del Concejo, colaboraci\u00f3n a los\ndistintos Bloques y en particular a cada concejal, que son los encargados de\nhacer m\u00e1s grande a mi ciudad, desempe\u00f1arme con imparcialidad, sensatez y la\nresponsabilidad que me caracterizan\u201d<\/em>, y agreg\u00f3 que <em>\u201cCon la responsabilidad, imparcialidad y sensatez con la que siempre me\nmanej\u00e9 tanto en mis antiguos cargos judiciales como en mi antiguo cargo de\ncoordinadora acad\u00e9mica y docente\u201d<\/em>. <\/p>\n\n\n\n<p><strong>Qui\u00e9n es la nueva\nsecretaria del CD<\/strong><\/p>\n\n\n\n<p>Francesse tiene 39 a\u00f1os y es la esposa del empresario transportista Mat\u00edas Bazzi. Se casaron hace un a\u00f1o y son padres de dos hijos. <\/p>\n\n\n\n<p>Flaviana se desempe\u00f1\u00f3 en el \u00e1rea de Servicios Judiciales de Tribunales como Perito Cal\u00edgrafo con Matricula Judicial N\u00b0 82 y como Perito Graf\u00f3logo bajo la Matricula N\u00b0 1. Gestion\u00f3 la carrera oficial de Grafolog\u00eda en C\u00f3rdoba ante el Ministerio de Educaci\u00f3n y logrado esto, impuls\u00f3 la incorporaci\u00f3n de Graf\u00f3logos oficiales habilitados al Servicio Judicial de Profesionales de la Provincia de C\u00f3rdoba.<\/p>\n\n\n\n<p>En el \u00e1rea de Servicios Judiciales, la flamante secretaria desarroll\u00f3 audiencias, actas, informes, oficios y toda la responsabilidad que requiere la mera aceptaci\u00f3n de cargo para la expedici\u00f3n de conclusiones que aporten al juez herramientas claras en sus sentencias.<\/p>\n\n\n\n<p>Entre otros de sus antecedentes laborales aparecen:<\/p>\n\n\n\n<ul class=\"wp-block-list\"><li>Profesora de Nivel Superior en el Instituto CEBA\ndesde el a\u00f1o 2004 en la carrera de T\u00e9cnico Superior: Cal\u00edgrafo P\u00fablico, en\nasignaturas de contenidos te\u00f3ricos y pr\u00e1cticos referentes a la verificaci\u00f3n de\nfalsedad o autenticidad de firmas, escrituras, sellos, impresiones, etc.<\/li><\/ul>\n\n\n\n<ul class=\"wp-block-list\"><li>Profesora de Nivel Superior en el Instituto CEBA\na partir del a\u00f1o 2008 en la carrera de T\u00e9cnico Superior: Graf\u00f3logo P\u00fablico, en\nlas c\u00e1tedras de asignaturas espec\u00edficas de formaci\u00f3n profesional.<\/li><\/ul>\n\n\n\n<ul class=\"wp-block-list\"><li>Coordinadora de Nivel Superior de las carreras\nT\u00e9cnico Superior: Cal\u00edgrafo P\u00fablico y T\u00e9cnico Superior: Graf\u00f3logo P\u00fablico, desde\nel a\u00f1o 2009, en el Instituto CEBA. Realizando tareas de administraci\u00f3n y\ngesti\u00f3n educativa, de formaci\u00f3n para docentes, alumnos y ex alumnos.<\/li><\/ul>\n\n\n\n<p>Aunque tal vez pocos lo recuerden, el nombre de Flaviana se hizo p\u00fablico hace cinco a\u00f1os, cuando apareci\u00f3 en el programa televisivo ADN conducido por el periodista devenido en pol\u00edtico, Tom\u00e1s Mendez. <\/p>\n\n\n\n<p>En septiembre de 2013, C\u00f3rdoba escribi\u00f3 una de las p\u00e1ginas m\u00e1s oscuras en materia judicial conocida como narcoesc\u00e1ndalo, que salpic\u00f3 a la pol\u00edtica y deriv\u00f3 en el amotinamiento policial de diciembre del mismo a\u00f1o. <\/p>\n\n\n\n<p>El oficial principal Juan Al\u00f3s fue encontrado muerto de\nun balazo en la cabeza en un auto de Drogas Peligrosas de la Polic\u00eda de C\u00f3rdoba.\nD\u00edas antes, hab\u00eda sido acusado de narcopolic\u00eda por ese medio period\u00edstico. <\/p>\n\n\n\n<p>En el veh\u00edculo&nbsp;se hall\u00f3 tambi\u00e9n una carta. <em>\u201cSe despide de su mujer, embarazada de siete\nmeses, y de sus dos hijos, de 2 y 4 a\u00f1os. Tambi\u00e9n pide que se limpie su nombre\nde las denuncias que calificaba como falsas\u201d<\/em>, dijo el fiscal. <\/p>\n\n\n\n<p>Seg\u00fan determin\u00f3 la Justicia provincial en la investigaci\u00f3n que condujo Drazile, Al\u00f3s se suicid\u00f3 dentro de su veh\u00edculo de un disparo con su pistola reglamentaria. Pero el fiscal Senestrari\u00a0requiri\u00f3 la investigaci\u00f3n de esa muerte y logr\u00f3, varios meses despu\u00e9s, que el expediente fuera atra\u00eddo al fuero nacional.  <\/p>\n\n\n\n<figure class=\"wp-block-embed-youtube wp-block-embed is-type-video is-provider-youtube wp-embed-aspect-4-3 wp-has-aspect-ratio\"><div class=\"wp-block-embed__wrapper\">\n<div class=\"epyt-video-wrapper\"><iframe loading=\"lazy\"  style=\"display: block; margin: 0px auto;\"  id=\"_ytid_54256\"  width=\"1140\" height=\"855\"  data-origwidth=\"1140\" data-origheight=\"855\" src=\"https:\/\/www.youtube.com\/embed\/mp1NbPmLdRI?enablejsapi=1&#038;autoplay=0&#038;cc_load_policy=1&#038;cc_lang_pref=&#038;iv_load_policy=3&#038;loop=0&#038;rel=1&#038;fs=1&#038;playsinline=0&#038;autohide=2&#038;theme=dark&#038;color=red&#038;controls=1&#038;disablekb=0&#038;\" class=\"__youtube_prefs__  epyt-is-override  no-lazyload\" title=\"YouTube player\"  allow=\"fullscreen; accelerometer; autoplay; clipboard-write; encrypted-media; gyroscope; picture-in-picture; web-share\" referrerpolicy=\"strict-origin-when-cross-origin\" allowfullscreen data-no-lazy=\"1\" data-skipgform_ajax_framebjll=\"\"><\/iframe><\/div>\n<\/div><figcaption><em>En el minuto 20 se observa la participaci\u00f3n de Francesse. <\/em><\/figcaption><\/figure>\n\n\n\n<p>En su visita a ADN, Francesse asegur\u00f3 sobre el fallecido polic\u00eda que <em>\u201cEs una persona que no puede haberse suicidado\u201d<\/em>. Acto seguido, sus redes sociales estallaron, al punto de que tuvo que cerrarlas. <em>\u201cNo recib\u00ed amenazas directas, s\u00ed recib\u00ed llamados. Sent\u00eda miedo\u201d<\/em>, cont\u00f3 a <strong>Arroyito Online<\/strong>.<\/p>\n","protected":false},"excerpt":{"rendered":"<p>Fue la primera matriculada de la provincia en ese rubro. La propuso el Bloque Radical. El suyo fue el \u00fanico&hellip;<\/p>\n","protected":false},"author":3,"featured_media":2363,"comment_status":"closed","ping_status":"open","sticky":false,"template":"","format":"standard","meta":{"footnotes":""},"categories":[8],"tags":[66,67,836,226,227,572,640],"class_list":["post-2362","post","type-post","status-publish","format-standard","has-post-thumbnail","hentry","category-politica","tag-arroyito","tag-arroyito-cordoba","tag-arroyito-online","tag-concejo","tag-concejo-deliberante","tag-noticias-de-arroyito-y-zona","tag-politica"],"_links":{"self":[{"href":"https:\/\/arroyitoonline.com.ar\/index.php?rest_route=\/wp\/v2\/posts\/2362","targetHints":{"allow":["GET"]}}],"collection":[{"href":"https:\/\/arroyitoonline.com.ar\/index.php?rest_route=\/wp\/v2\/posts"}],"about":[{"href":"https:\/\/arroyitoonline.com.ar\/index.php?rest_route=\/wp\/v2\/types\/post"}],"author":[{"embeddable":true,"href":"https:\/\/arroyitoonline.com.ar\/index.php?rest_route=\/wp\/v2\/users\/3"}],"replies":[{"embeddable":true,"href":"https:\/\/arroyitoonline.com.ar\/index.php?rest_route=%2Fwp%2Fv2%2Fcomments&post=2362"}],"version-history":[{"count":4,"href":"https:\/\/arroyitoonline.com.ar\/index.php?rest_route=\/wp\/v2\/posts\/2362\/revisions"}],"predecessor-version":[{"id":2386,"href":"https:\/\/arroyitoonline.com.ar\/index.php?rest_route=\/wp\/v2\/posts\/2362\/revisions\/2386"}],"wp:featuredmedia":[{"embeddable":true,"href":"https:\/\/arroyitoonline.com.ar\/index.php?rest_route=\/wp\/v2\/media\/2363"}],"wp:attachment":[{"href":"https:\/\/arroyitoonline.com.ar\/index.php?rest_route=%2Fwp%2Fv2%2Fmedia&parent=2362"}],"wp:term":[{"taxonomy":"category","embeddable":true,"href":"https:\/\/arroyitoonline.com.ar\/index.php?rest_route=%2Fwp%2Fv2%2Fcategories&post=2362"},{"taxonomy":"post_tag","embeddable":true,"href":"https:\/\/arroyitoonline.com.ar\/index.php?rest_route=%2Fwp%2Fv2%2Ftags&post=2362"}],"curies":[{"name":"wp","href":"https:\/\/api.w.org\/{rel}","templated":true}]}}