{"id":2387,"date":"2019-02-25T13:08:08","date_gmt":"2019-02-25T13:08:08","guid":{"rendered":"http:\/\/arroyitoonline.com.ar\/?p=2387"},"modified":"2019-02-26T13:15:06","modified_gmt":"2019-02-26T13:15:06","slug":"le-pego-a-un-policia-que-quiso-separarlo-en-una-pelea","status":"publish","type":"post","link":"https:\/\/arroyitoonline.com.ar\/?p=2387","title":{"rendered":"Le peg\u00f3 a un polic\u00eda que quiso separarlo en una pelea"},"content":{"rendered":"\n<p><strong>Ocurri\u00f3 frente a un\nboliche bailable. El efectivo de guardia acudi\u00f3 por solicitud de su compa\u00f1ero\nque hac\u00eda servicio adicional en el local.<\/strong><\/p>\n\n\n\n<p>El s\u00e1bado a las seis y media de la ma\u00f1ana, un uniformado que\nhac\u00eda servicio adicional en un boliche bailable solicit\u00f3 presencia policial debido\na que se estaba produciendo una ri\u00f1a frente al local.<\/p>\n\n\n\n<p>Al lugar llegaron efectivos de guardia. En el momento en el\nque quisieron dispersar a las partes, uno de los polic\u00edas recibi\u00f3 un golpe de\npu\u00f1o, por lo que aprehendi\u00f3 al joven (21) traslad\u00e1ndolo a la Comisar\u00eda.<\/p>\n\n\n\n<p>El sujeto fue identificado y qued\u00f3 alojado por supuesto autor\nde resistencia a la autoridad, con conocimiento e intervenci\u00f3n de la Fiscal\u00eda\nde Instrucci\u00f3n local.<\/p>\n\n\n\n<p>Fuente: informe del comisario Cl\u00e9ver Salguero.<\/p>\n\n\n\n<p>Foto solo a modo ilustrativo.<\/p>\n","protected":false},"excerpt":{"rendered":"<p>Ocurri\u00f3 frente a un boliche bailable. El efectivo de guardia acudi\u00f3 por solicitud de su compa\u00f1ero que hac\u00eda servicio adicional&hellip;<\/p>\n","protected":false},"author":3,"featured_media":2388,"comment_status":"closed","ping_status":"open","sticky":false,"template":"","format":"standard","meta":{"footnotes":""},"categories":[824],"tags":[66,67,836,572,635,637,638,825],"class_list":["post-2387","post","type-post","status-publish","format-standard","has-post-thumbnail","hentry","category-policiales-online","tag-arroyito","tag-arroyito-cordoba","tag-arroyito-online","tag-noticias-de-arroyito-y-zona","tag-policia","tag-policiales","tag-policiales-arroyito","tag-policiales-online"],"_links":{"self":[{"href":"https:\/\/arroyitoonline.com.ar\/index.php?rest_route=\/wp\/v2\/posts\/2387","targetHints":{"allow":["GET"]}}],"collection":[{"href":"https:\/\/arroyitoonline.com.ar\/index.php?rest_route=\/wp\/v2\/posts"}],"about":[{"href":"https:\/\/arroyitoonline.com.ar\/index.php?rest_route=\/wp\/v2\/types\/post"}],"author":[{"embeddable":true,"href":"https:\/\/arroyitoonline.com.ar\/index.php?rest_route=\/wp\/v2\/users\/3"}],"replies":[{"embeddable":true,"href":"https:\/\/arroyitoonline.com.ar\/index.php?rest_route=%2Fwp%2Fv2%2Fcomments&post=2387"}],"version-history":[{"count":1,"href":"https:\/\/arroyitoonline.com.ar\/index.php?rest_route=\/wp\/v2\/posts\/2387\/revisions"}],"predecessor-version":[{"id":2389,"href":"https:\/\/arroyitoonline.com.ar\/index.php?rest_route=\/wp\/v2\/posts\/2387\/revisions\/2389"}],"wp:featuredmedia":[{"embeddable":true,"href":"https:\/\/arroyitoonline.com.ar\/index.php?rest_route=\/wp\/v2\/media\/2388"}],"wp:attachment":[{"href":"https:\/\/arroyitoonline.com.ar\/index.php?rest_route=%2Fwp%2Fv2%2Fmedia&parent=2387"}],"wp:term":[{"taxonomy":"category","embeddable":true,"href":"https:\/\/arroyitoonline.com.ar\/index.php?rest_route=%2Fwp%2Fv2%2Fcategories&post=2387"},{"taxonomy":"post_tag","embeddable":true,"href":"https:\/\/arroyitoonline.com.ar\/index.php?rest_route=%2Fwp%2Fv2%2Ftags&post=2387"}],"curies":[{"name":"wp","href":"https:\/\/api.w.org\/{rel}","templated":true}]}}