{"id":2391,"date":"2019-02-25T03:02:07","date_gmt":"2019-02-25T03:02:07","guid":{"rendered":"http:\/\/arroyitoonline.com.ar\/?p=2391"},"modified":"2019-02-27T03:09:14","modified_gmt":"2019-02-27T03:09:14","slug":"cravero-entrego-la-vivienda-no-307-en-86-meses-de-gestion","status":"publish","type":"post","link":"https:\/\/arroyitoonline.com.ar\/?p=2391","title":{"rendered":"Cravero entreg\u00f3 la vivienda N\u00ba 307, en 86 meses de gesti\u00f3n"},"content":{"rendered":"\n<p><strong>El intendente de Arroyito estuvo acompa\u00f1ado por su\npar de C\u00f3rdoba, Ram\u00f3n Mestre, qui\u00e9n remarc\u00f3 el logro de otorgar una casa por\nsemana. <\/strong><\/p>\n\n\n\n<p>El pasado\nviernes 22, el Municipio entreg\u00f3 26 viviendas ubicadas en la zona sur de la\nciudad, correspondiente a los Planes Casa y Casa Social, haciendo un total de\n307 en 86 meses de gesti\u00f3n del intendente Mauricio Cravero. <\/p>\n\n\n\n<p>En la oportunidad, el acto comenz\u00f3 un poco m\u00e1s tarde de lo anunciado, por la visita institucional del primer mandatario de la ciudad de C\u00f3rdoba y precandidato a gobernador radical, Ram\u00f3n Mestre, quien antes de acompa\u00f1ar a su par local al acto, brind\u00f3 una conferencia de prensa en la Municipalidad. <\/p>\n\n\n\n<figure class=\"wp-block-embed-facebook wp-block-embed is-type-video is-provider-facebook\"><div class=\"wp-block-embed__wrapper\">\nhttps:\/\/www.facebook.com\/2352090848352136\/videos\/355460811725148\/\n<\/div><figcaption><em>La conferencia de prensa de Mestre, que fue transmitida en tiempo real por Facebook Arroyito Online. <\/em><\/figcaption><\/figure>\n\n\n\n<p>En el acontecimiento tambi\u00e9n estuvieron\nla esposa de Cravero, Laura Garc\u00eda; funcionarios municipales; concejales; los\njefes comunales&nbsp;L\u00ednder Landra de\nColonia Las Pichanas y Federico Landra de Toro Pujio; autoridades eclesi\u00e1sticas;\nciudadanas &nbsp;Ilustres;&nbsp;representantes\nde entidades intermedias; adjudicatarios y vecinos.<\/p>\n\n\n\n<p>Cuando\nesta gesti\u00f3n de gobierno asumi\u00f3 los destinos del municipio, hace siete a\u00f1os, la\nprioridad fundamental fue la construcci\u00f3n de viviendas, y que esa ejecuci\u00f3n\nfuera con materiales y mano de obra de nuestra ciudad, lo que se mantuvo a lo\nlargo de este tiempo. <\/p>\n\n\n\n<p>De esta manera, la edificaci\u00f3n de\nviviendas en Arroyito crece con el paso del tiempo como un logro que\ncaracteriza a la actual conducci\u00f3n municipal y marca un r\u00e9cord: que se complete\ncasi una casa por semana de gesti\u00f3n.<\/p>\n\n\n\n<figure class=\"wp-block-embed-facebook wp-block-embed is-type-video is-provider-facebook\"><div class=\"wp-block-embed__wrapper\">\nhttps:\/\/www.facebook.com\/2352090848352136\/videos\/243264809911563\/\n<\/div><figcaption><em>La entrega de viviendas municipales, en tiempo real. <\/em><\/figcaption><\/figure>\n\n\n\n<p><em>&#8220;Hoy\nnuestra ciudad est\u00e1 viviendo un hecho hist\u00f3rico, tanto para ustedes como para\nnosotros, pero tambi\u00e9n lo es para la provincia. Son pocos los registros que\ndemuestran que en 86 meses de gesti\u00f3n un intendente junto a su equipo de\ngobierno entregue la llave de la vivienda n\u00famero 307&#8221;<\/em>, destac\u00f3 el jefe municipao\ndurante su discurso.&nbsp;<\/p>\n\n\n\n<p>A continuaci\u00f3n Eliana Marsengo y Fabio\nP\u00e9rez, flamantes propietarios, hablaron en nombre de todos los afortunados\nadjudicatarios. Acto seguido, el vicario parroquial Marcelo Cereda bendijo las\nllaves de las nuevas unidades habitacionales. <\/p>\n\n\n\n<p>Por \u00faltimo, Cravero, Mestre, autoridades\nmunicipales y <strong>Marcelo Ariel Amantini<\/strong>, due\u00f1o de una de las casas,\ncortaron cinta dejando este grupo de viviendas inauguradas e manera formal. La vivienda de Amantini est\u00e1 ubicada sobre calle Edith N\u00e9lida\nCasalis 1736 en el Lote 20, Manzana 683.&nbsp;<\/p>\n\n\n\n<figure class=\"wp-block-image\"><img loading=\"lazy\" decoding=\"async\" width=\"1024\" height=\"683\" src=\"http:\/\/arroyitoonline.com.ar\/wp-content\/uploads\/2019\/02\/casa-municipal-archivo-1024x683.jpg\" alt=\"\" class=\"wp-image-2395\" srcset=\"https:\/\/arroyitoonline.com.ar\/wp-content\/uploads\/2019\/02\/casa-municipal-archivo-1024x683.jpg 1024w, https:\/\/arroyitoonline.com.ar\/wp-content\/uploads\/2019\/02\/casa-municipal-archivo-300x200.jpg 300w, https:\/\/arroyitoonline.com.ar\/wp-content\/uploads\/2019\/02\/casa-municipal-archivo-768x512.jpg 768w, https:\/\/arroyitoonline.com.ar\/wp-content\/uploads\/2019\/02\/casa-municipal-archivo.jpg 1200w\" sizes=\"auto, (max-width: 1024px) 100vw, 1024px\" \/><figcaption><em>La casa de Marcelo Ariel Amantini, donde se cort\u00f3 cinta.<\/em><\/figcaption><\/figure>\n\n\n\n<p><strong>Caracter\u00edsticas\nde las viviendas<\/strong><\/p>\n\n\n\n<p>Las unidades habitacionales del\nPlan Casa tienen una superficie de 56 metros cuadrados, constando de dos\ndormitorios, cocina comedor y ba\u00f1o. Poseen piso y revestimientos de\ncer\u00e1mica, mesa instalada (de m\u00e1rmol granito), con mueble de cocina, ba\u00f1o\ninstalado completo y revestido con cer\u00e1mico; instalaci\u00f3n de agua fr\u00eda y\ncaliente, gas, electricidad y TV por cable. Las aberturas exteriores son de\naluminio y todas las ventanas cuentan con rejas.&nbsp;&nbsp;<\/p>\n\n\n\n<p>En tanto que las viviendas del Plan Social son de 30 metros cuadrados y consisten en un mono ambiente con cocina comedor y ba\u00f1o, con las mismas instalaciones y servicios del Plan Casa.<\/p>\n\n\n\n<p>Fuente: Prensa Municipal. <\/p>\n","protected":false},"excerpt":{"rendered":"<p>El intendente de Arroyito estuvo acompa\u00f1ado por su par de C\u00f3rdoba, Ram\u00f3n Mestre, qui\u00e9n remarc\u00f3 el logro de otorgar una&hellip;<\/p>\n","protected":false},"author":3,"featured_media":2394,"comment_status":"closed","ping_status":"open","sticky":false,"template":"","format":"standard","meta":{"footnotes":""},"categories":[829],"tags":[66,67,836,868,555,556,624,625,813],"class_list":["post-2391","post","type-post","status-publish","format-standard","has-post-thumbnail","hentry","category-municipales-online","tag-arroyito","tag-arroyito-cordoba","tag-arroyito-online","tag-municipales-online","tag-municipalidad","tag-municipalidad-de-arroyito","tag-plan-casa","tag-plan-casa-social","tag-viviendas"],"_links":{"self":[{"href":"https:\/\/arroyitoonline.com.ar\/index.php?rest_route=\/wp\/v2\/posts\/2391","targetHints":{"allow":["GET"]}}],"collection":[{"href":"https:\/\/arroyitoonline.com.ar\/index.php?rest_route=\/wp\/v2\/posts"}],"about":[{"href":"https:\/\/arroyitoonline.com.ar\/index.php?rest_route=\/wp\/v2\/types\/post"}],"author":[{"embeddable":true,"href":"https:\/\/arroyitoonline.com.ar\/index.php?rest_route=\/wp\/v2\/users\/3"}],"replies":[{"embeddable":true,"href":"https:\/\/arroyitoonline.com.ar\/index.php?rest_route=%2Fwp%2Fv2%2Fcomments&post=2391"}],"version-history":[{"count":1,"href":"https:\/\/arroyitoonline.com.ar\/index.php?rest_route=\/wp\/v2\/posts\/2391\/revisions"}],"predecessor-version":[{"id":2396,"href":"https:\/\/arroyitoonline.com.ar\/index.php?rest_route=\/wp\/v2\/posts\/2391\/revisions\/2396"}],"wp:featuredmedia":[{"embeddable":true,"href":"https:\/\/arroyitoonline.com.ar\/index.php?rest_route=\/wp\/v2\/media\/2394"}],"wp:attachment":[{"href":"https:\/\/arroyitoonline.com.ar\/index.php?rest_route=%2Fwp%2Fv2%2Fmedia&parent=2391"}],"wp:term":[{"taxonomy":"category","embeddable":true,"href":"https:\/\/arroyitoonline.com.ar\/index.php?rest_route=%2Fwp%2Fv2%2Fcategories&post=2391"},{"taxonomy":"post_tag","embeddable":true,"href":"https:\/\/arroyitoonline.com.ar\/index.php?rest_route=%2Fwp%2Fv2%2Ftags&post=2391"}],"curies":[{"name":"wp","href":"https:\/\/api.w.org\/{rel}","templated":true}]}}