{"id":2419,"date":"2019-02-27T12:54:05","date_gmt":"2019-02-27T12:54:05","guid":{"rendered":"http:\/\/arroyitoonline.com.ar\/?p=2419"},"modified":"2019-02-27T19:57:30","modified_gmt":"2019-02-27T19:57:30","slug":"norma-ferreyra-es-la-nueva-secretaria-de-febipo","status":"publish","type":"post","link":"https:\/\/arroyitoonline.com.ar\/?p=2419","title":{"rendered":"Norma Ferreyra es la nueva secretaria de Febipo"},"content":{"rendered":"\n<p><strong>La directora de la Biblioteca Municipal Popular\nAlmafuerte ocupar\u00e1 este cargo en la <\/strong><strong>Federaci\u00f3n de\nBibliotecas Populares Provincia de C\u00f3rdoba.<\/strong><\/p>\n\n\n\n<p>El pasado s\u00e1bado 23, la directora de la Biblioteca\nMunicipal Popular Almafuerte Norma Ferreyra particip\u00f3 de la elecci\u00f3n y asunci\u00f3n\nde autoridades de la Federaci\u00f3n de Bibliotecas Populares Provincia de C\u00f3rdoba\n(Febipo),&nbsp;conformada por m\u00e1s de 250 instituciones de este tipo. <\/p>\n\n\n\n<p>La nueva conducci\u00f3n estar\u00e1 a cargo de Antonio Amalio\nBertapelle, de la Biblioteca Ermes Desio de Corral de Bustos. Mientras que el\ncargo de secretaria de la instituci\u00f3n ser\u00e1 ocupado por Norma Ferreyra, la\nrepresentante de Arroyito. <\/p>\n\n\n\n<p>Cabe destacar que, de la asamblea participaron\nrepresentantes de distintas Bibliotecas Provinciales como Villa Mar\u00eda, Valle\nHermoso, Corral de Bustos, C\u00f3rdoba, Jes\u00fas Mar\u00eda, Anisacate, Villa Nueva, Villa\nGiardino, Rio Primero, etc. Despu\u00e9s de la asunci\u00f3n de las nuevas autoridades comenzaron\ncon los primeros temas de comisi\u00f3n, lectura de balance correspondiente a 2018 y\ntratamiento de propuestas, proyectos y beneficios de 2019.<\/p>\n\n\n\n<p>En este sentido, primer objetivo de la Federaci\u00f3n es\nla realizaci\u00f3n un relevamiento de todas las bibliotecas, en especial, intentando\nla recuperaci\u00f3n de aquellas ca\u00eddas en los \u00faltimos a\u00f1os, desarrollando una labor\ncomunitaria, adem\u00e1s de la promoci\u00f3n y difusi\u00f3n de la lectura.&nbsp;<\/p>\n\n\n\n<p>Con miras al VIII Congreso Internacional de la\nLengua Espa\u00f1ola, que tendr\u00e1 como sede la ciudad de C\u00f3rdoba en marzo de\n2019,&nbsp;desde Febipo manifestaron el anhelo de que cada rinc\u00f3n de la\nprovincia aliente las actividades relacionadas a este gran evento. <\/p>\n\n\n\n<p>En este sentido resaltaron la importancia de las bibliotecas para la estimulaci\u00f3n de la expresi\u00f3n de las comunidades mediante la palabra, en estos espacios y en todos los sitios p\u00fablicos, <em>\u201cDesde el patio de un colegio a una plaza, para que este gran proyecto llegue y sea aprovechado a lo largo y a lo ancho de todo la provincia\u201d<\/em>.<\/p>\n\n\n\n<p>Fuente: Prensa Municipal.<\/p>\n","protected":false},"excerpt":{"rendered":"<p>La directora de la Biblioteca Municipal Popular Almafuerte ocupar\u00e1 este cargo en la Federaci\u00f3n de Bibliotecas Populares Provincia de C\u00f3rdoba.&hellip;<\/p>\n","protected":false},"author":3,"featured_media":2420,"comment_status":"closed","ping_status":"open","sticky":false,"template":"","format":"standard","meta":{"footnotes":""},"categories":[829],"tags":[66,67,836,117,886,885,244,887,489,868,555,556],"class_list":["post-2419","post","type-post","status-publish","format-standard","has-post-thumbnail","hentry","category-municipales-online","tag-arroyito","tag-arroyito-cordoba","tag-arroyito-online","tag-biblioteca","tag-biblioteca-municipal-popular-almafuerte","tag-congreso-internacional-de-la-lengua-espanola","tag-cordoba","tag-febipo","tag-lectura","tag-municipales-online","tag-municipalidad","tag-municipalidad-de-arroyito"],"_links":{"self":[{"href":"https:\/\/arroyitoonline.com.ar\/index.php?rest_route=\/wp\/v2\/posts\/2419","targetHints":{"allow":["GET"]}}],"collection":[{"href":"https:\/\/arroyitoonline.com.ar\/index.php?rest_route=\/wp\/v2\/posts"}],"about":[{"href":"https:\/\/arroyitoonline.com.ar\/index.php?rest_route=\/wp\/v2\/types\/post"}],"author":[{"embeddable":true,"href":"https:\/\/arroyitoonline.com.ar\/index.php?rest_route=\/wp\/v2\/users\/3"}],"replies":[{"embeddable":true,"href":"https:\/\/arroyitoonline.com.ar\/index.php?rest_route=%2Fwp%2Fv2%2Fcomments&post=2419"}],"version-history":[{"count":1,"href":"https:\/\/arroyitoonline.com.ar\/index.php?rest_route=\/wp\/v2\/posts\/2419\/revisions"}],"predecessor-version":[{"id":2421,"href":"https:\/\/arroyitoonline.com.ar\/index.php?rest_route=\/wp\/v2\/posts\/2419\/revisions\/2421"}],"wp:featuredmedia":[{"embeddable":true,"href":"https:\/\/arroyitoonline.com.ar\/index.php?rest_route=\/wp\/v2\/media\/2420"}],"wp:attachment":[{"href":"https:\/\/arroyitoonline.com.ar\/index.php?rest_route=%2Fwp%2Fv2%2Fmedia&parent=2419"}],"wp:term":[{"taxonomy":"category","embeddable":true,"href":"https:\/\/arroyitoonline.com.ar\/index.php?rest_route=%2Fwp%2Fv2%2Fcategories&post=2419"},{"taxonomy":"post_tag","embeddable":true,"href":"https:\/\/arroyitoonline.com.ar\/index.php?rest_route=%2Fwp%2Fv2%2Ftags&post=2419"}],"curies":[{"name":"wp","href":"https:\/\/api.w.org\/{rel}","templated":true}]}}