{"id":2422,"date":"2019-02-27T19:43:11","date_gmt":"2019-02-27T19:43:11","guid":{"rendered":"http:\/\/arroyitoonline.com.ar\/?p=2422"},"modified":"2019-02-28T13:14:23","modified_gmt":"2019-02-28T13:14:23","slug":"en-la-velez-las-obras-no-se-detienen","status":"publish","type":"post","link":"https:\/\/arroyitoonline.com.ar\/?p=2422","title":{"rendered":"En la V\u00e9lez, las obras no se detienen"},"content":{"rendered":"\n<p><strong>Reacondicionamientos de\nlos espacios, tareas de pintura, mejoras infraestructurales, y readecuaciones\nde gas y luz, son algunas de las tareas realizadas durante las vacaciones, en\nbeneficio de los alumnos de todos los niveles. <\/strong><\/p>\n\n\n\n<p>En la Escuela Dr. Dalmacio V\u00e9lez Sarsfield pasaron buena\nparte del receso escolar, en obras. El resultado est\u00e1 a la vista, con espacios\nrenovados, que redundan en beneficios para los alumnos de todos los niveles. <\/p>\n\n\n\n<p>En el edificio del Nivel Primario pintaron la direcci\u00f3n, el\nsal\u00f3n de usos m\u00faltiples y las aulas. Reorganizaron la sala de video, retirando\nuna pared, realizando arreglos y pint\u00e1ndola.<\/p>\n\n\n\n<p>En la Sala de Inform\u00e1tica del mismo inmueble incorporaron, a\nlas mesas, soportes para los \u00fatiles de los alumnos, colocaron cortinas black\nout para la optimizaci\u00f3n del alcance del ca\u00f1\u00f3n proyector y sumaron cuatro mesas\nrecuperadas del mobiliario anterior, que conforman una isla de trabajo en el\ncentro de la sala.<\/p>\n\n\n\n<p>Tambi\u00e9n reacondicionaron de forma total la Salita de 4,\nreemplazando el viejo machimbre por Durlock en sus paredes y lugares de\nguardado, haciendo arreglos en el sistema el\u00e9ctrico, colocando un TV Led,\nrevisando todos los equipos de iluminaci\u00f3n, ventiladores, aires acondicionados,\nponiendo a nuevo sus sanitarios y pint\u00e1ndola de manera \u00edntegra.<\/p>\n\n\n\n<p>Adem\u00e1s, con la obra en los ba\u00f1os de ni\u00f1as del Nivel Primario,\nrenovaron de forma total los sanitarios de alumnos en sus dos edificios.<\/p>\n\n\n\n<p>Por otra parte, en el inmueble de los Niveles Secundario y Superior pintaron las galer\u00edas, la totalidad de las aulas y reacondicionaron los plafones lum\u00ednicos. En este momento se encuentran renovando la totalidad de las puertas de las aulas. Y, en el Sal\u00f3n de usos m\u00faltiples del Nivel Secundario, renovaron con porcelanato blanco el frente del escenario, reacondicionaron las escaleras de su acceso y avanzar\u00e1n con el recambio total del cielorraso. <\/p>\n\n\n\n<p>En materia de servicios, reacondicionaron el tablero\nprincipal de electricidad del edificio de los Niveles Secundario y Superior,\nrealizando un cableado nuevo, unificando en uno solo los dos tableros de\nelectricidad [el otro estaba en la actual Sala Auditorio], colocando\ndisyuntores, llaves t\u00e9rmicas y reloj de control de iluminaci\u00f3n de galer\u00edas\nnuevos.<\/p>\n\n\n\n<p>Por \u00faltimo, el Ente Nacional Regulador del Gas [Enargas] dispuso un plan nacional de revisi\u00f3n de las instalaciones de gas en las escuelas. Por eso, en la V\u00e9lez trabajaron en las readecuaciones sugeridas [reubicaci\u00f3n de aparatos, reemplazo de ca\u00f1os, entre otros] por la Cespal, desde octubre del a\u00f1o pasado, habiendo terminado las obras en los dos edificios con una importante inversi\u00f3n que redunda en mayor seguridad para todos.<\/p>\n\n\n\n<p>La foto de portada corresponde a la remodelada Salita de 4.<\/p>\n","protected":false},"excerpt":{"rendered":"<p>Reacondicionamientos de los espacios, tareas de pintura, mejoras infraestructurales, y readecuaciones de gas y luz, son algunas de las tareas&hellip;<\/p>\n","protected":false},"author":3,"featured_media":2423,"comment_status":"closed","ping_status":"open","sticky":false,"template":"","format":"standard","meta":{"footnotes":""},"categories":[830],"tags":[66,67,836,339,888,348,793],"class_list":["post-2422","post","type-post","status-publish","format-standard","has-post-thumbnail","hentry","category-educacion-online","tag-arroyito","tag-arroyito-cordoba","tag-arroyito-online","tag-escuela","tag-escuela-dr-dalmacio-velez-sarsfield","tag-escuelas","tag-velez-sarsfield"],"_links":{"self":[{"href":"https:\/\/arroyitoonline.com.ar\/index.php?rest_route=\/wp\/v2\/posts\/2422","targetHints":{"allow":["GET"]}}],"collection":[{"href":"https:\/\/arroyitoonline.com.ar\/index.php?rest_route=\/wp\/v2\/posts"}],"about":[{"href":"https:\/\/arroyitoonline.com.ar\/index.php?rest_route=\/wp\/v2\/types\/post"}],"author":[{"embeddable":true,"href":"https:\/\/arroyitoonline.com.ar\/index.php?rest_route=\/wp\/v2\/users\/3"}],"replies":[{"embeddable":true,"href":"https:\/\/arroyitoonline.com.ar\/index.php?rest_route=%2Fwp%2Fv2%2Fcomments&post=2422"}],"version-history":[{"count":2,"href":"https:\/\/arroyitoonline.com.ar\/index.php?rest_route=\/wp\/v2\/posts\/2422\/revisions"}],"predecessor-version":[{"id":2440,"href":"https:\/\/arroyitoonline.com.ar\/index.php?rest_route=\/wp\/v2\/posts\/2422\/revisions\/2440"}],"wp:featuredmedia":[{"embeddable":true,"href":"https:\/\/arroyitoonline.com.ar\/index.php?rest_route=\/wp\/v2\/media\/2423"}],"wp:attachment":[{"href":"https:\/\/arroyitoonline.com.ar\/index.php?rest_route=%2Fwp%2Fv2%2Fmedia&parent=2422"}],"wp:term":[{"taxonomy":"category","embeddable":true,"href":"https:\/\/arroyitoonline.com.ar\/index.php?rest_route=%2Fwp%2Fv2%2Fcategories&post=2422"},{"taxonomy":"post_tag","embeddable":true,"href":"https:\/\/arroyitoonline.com.ar\/index.php?rest_route=%2Fwp%2Fv2%2Ftags&post=2422"}],"curies":[{"name":"wp","href":"https:\/\/api.w.org\/{rel}","templated":true}]}}