{"id":2433,"date":"2019-02-28T03:28:36","date_gmt":"2019-02-28T03:28:36","guid":{"rendered":"http:\/\/arroyitoonline.com.ar\/?p=2433"},"modified":"2019-02-28T03:28:38","modified_gmt":"2019-02-28T03:28:38","slug":"cravero-sobre-la-nueva-secretaria-del-concejo-buscamos-que-se-haga-un-trabajo-imparcial","status":"publish","type":"post","link":"https:\/\/arroyitoonline.com.ar\/?p=2433","title":{"rendered":"Cravero, sobre la nueva secretaria del Concejo: \u201cbuscamos que se haga un trabajo imparcial\u201d"},"content":{"rendered":"\n<p><strong>El rumor de un posible acuerdo entre el intendente y su antecesor se intensific\u00f3, tras conocerse que Flaviana Francesse, esposa de un exdirector de la gesti\u00f3n anterior, lleg\u00f3 al Legislativo. <\/strong><\/p>\n\n\n\n<p>Esta noche, luego de la inauguraci\u00f3n del Centro de Zoonosis, desde Arroyito Online \u2013\u00fanico medio transmitiendo en vivo-, le consultamos al intendente Mauricio Cravero respecto de la <a href=\"http:\/\/arroyitoonline.com.ar\/?p=2362\">designaci\u00f3n de Flaviana Francesse<\/a> como nueva secretaria del Concejo Deliberante. <\/p>\n\n\n\n<p>Es que la graf\u00f3loga est\u00e1 casada\ncon Mat\u00edas Bazzi, exdirector de Deportes de la gesti\u00f3n Benedetti. Con este\npanorama, los rumores de acuerdo entre los dos m\u00e1s importantes dirigentes\nradicales de Arroyito, hoy distanciados, se intensificaron. <\/p>\n\n\n\n<p>Ante la interpelaci\u00f3n, y\nexhibiendo una sonrisa perspicaz, el primer mandatario local respondi\u00f3 que <em>\u201cEs algo que no pude definir yo, lo han\ndefinido los concejales, que para eso tienen independencia, y yo soy el primero\nque acepta esas cosas. Si los concejales aceptaron, acepto yo tambi\u00e9n\u201d<\/em>. <\/p>\n\n\n\n<figure class=\"wp-block-embed-facebook wp-block-embed is-type-video is-provider-facebook\"><div class=\"wp-block-embed__wrapper\">\nhttps:\/\/www.facebook.com\/2352090848352136\/videos\/396776154234956\/\n<\/div><figcaption><em>Minuto 33:46. Cravero responde sobre Francesse.<\/em><\/figcaption><\/figure>\n\n\n\n<p>A continuaci\u00f3n, y ante la\npregunta de si conoc\u00eda a la flamante secretaria, Cravero explic\u00f3 que <em>\u201cde vista nada m\u00e1s. Esta ma\u00f1ana hice un\ncontacto con ella, me puse a disposici\u00f3n. Lo que buscamos ac\u00e1 es que se haga un\ntrabajo imparcial, le transmit\u00ed eso, con la viceintendente como testigo, para\nque veamos que el intendente no busca nada raro, sino que le ped\u00ed solidaridad,\ntrabajo en conjunto y que tiene que trabajar por igual con los nueve\nconcejales, esa es la funci\u00f3n que le toca a la secretaria del Concejo\u201d<\/em> e\nindic\u00f3 que, <em>\u201ca su vez, hay que ser claros,\nporque es un puesto que a\u00f1o a a\u00f1o tienen que renovar. Entonces, si se involucra\nde un solo lado, si trata de ser tendenciosa con ese lado, seguramente no ser\u00e1\nrenovada en su puesto, as\u00ed que tendr\u00e1 que hacer una tarea super profesional\npara ser equitativa con todos y seguramente con eso no habr\u00e1 ning\u00fan problema\u201d<\/em>.\n<\/p>\n\n\n\n<p>Por \u00faltimo, el jefe municipal neg\u00f3 un acuerdo con su antecesor y remarc\u00f3 que a Francesse la eligieron los ediles, por ende son ellos los que deben argumentar la decisi\u00f3n, como lo hace el Ejecutivo, cuando le toca. <\/p>\n\n\n\n<p>Cabe destacar que el primer encuentro p\u00fablico entre Cravero y Francesse se producir\u00e1 este viernes, durante la Apertura del Per\u00edodo de Sesiones Ordinarias del Concejo Deliberante. <\/p>\n\n\n\n<p>Foto de archivo: Arroyito Online.  <\/p>\n","protected":false},"excerpt":{"rendered":"<p>El rumor de un posible acuerdo entre el intendente y su antecesor se intensific\u00f3, tras conocerse que Flaviana Francesse, esposa&hellip;<\/p>\n","protected":false},"author":3,"featured_media":2434,"comment_status":"closed","ping_status":"open","sticky":false,"template":"","format":"standard","meta":{"footnotes":""},"categories":[8],"tags":[66,67,836,226,227,253,454,527,555,556],"class_list":["post-2433","post","type-post","status-publish","format-standard","has-post-thumbnail","hentry","category-politica","tag-arroyito","tag-arroyito-cordoba","tag-arroyito-online","tag-concejo","tag-concejo-deliberante","tag-cravero","tag-intendente","tag-mauricio-cravero","tag-municipalidad","tag-municipalidad-de-arroyito"],"_links":{"self":[{"href":"https:\/\/arroyitoonline.com.ar\/index.php?rest_route=\/wp\/v2\/posts\/2433","targetHints":{"allow":["GET"]}}],"collection":[{"href":"https:\/\/arroyitoonline.com.ar\/index.php?rest_route=\/wp\/v2\/posts"}],"about":[{"href":"https:\/\/arroyitoonline.com.ar\/index.php?rest_route=\/wp\/v2\/types\/post"}],"author":[{"embeddable":true,"href":"https:\/\/arroyitoonline.com.ar\/index.php?rest_route=\/wp\/v2\/users\/3"}],"replies":[{"embeddable":true,"href":"https:\/\/arroyitoonline.com.ar\/index.php?rest_route=%2Fwp%2Fv2%2Fcomments&post=2433"}],"version-history":[{"count":1,"href":"https:\/\/arroyitoonline.com.ar\/index.php?rest_route=\/wp\/v2\/posts\/2433\/revisions"}],"predecessor-version":[{"id":2436,"href":"https:\/\/arroyitoonline.com.ar\/index.php?rest_route=\/wp\/v2\/posts\/2433\/revisions\/2436"}],"wp:featuredmedia":[{"embeddable":true,"href":"https:\/\/arroyitoonline.com.ar\/index.php?rest_route=\/wp\/v2\/media\/2434"}],"wp:attachment":[{"href":"https:\/\/arroyitoonline.com.ar\/index.php?rest_route=%2Fwp%2Fv2%2Fmedia&parent=2433"}],"wp:term":[{"taxonomy":"category","embeddable":true,"href":"https:\/\/arroyitoonline.com.ar\/index.php?rest_route=%2Fwp%2Fv2%2Fcategories&post=2433"},{"taxonomy":"post_tag","embeddable":true,"href":"https:\/\/arroyitoonline.com.ar\/index.php?rest_route=%2Fwp%2Fv2%2Ftags&post=2433"}],"curies":[{"name":"wp","href":"https:\/\/api.w.org\/{rel}","templated":true}]}}