{"id":2515,"date":"2019-03-01T20:55:11","date_gmt":"2019-03-01T20:55:11","guid":{"rendered":"http:\/\/arroyitoonline.com.ar\/?p=2515"},"modified":"2019-03-01T20:55:12","modified_gmt":"2019-03-01T20:55:12","slug":"absolvieron-a-un-policia-y-condenaron-a-otro-por-golpear-a-un-detenido-en-arroyito","status":"publish","type":"post","link":"https:\/\/arroyitoonline.com.ar\/?p=2515","title":{"rendered":"Absolvieron a un polic\u00eda y condenaron a otro por golpear a un detenido en Arroyito"},"content":{"rendered":"\n<p><strong>El hecho por el que fueron juzgados ocurri\u00f3 hace 12 a\u00f1os. Los oficiales\nllegaron en libertad al juicio y nunca hab\u00edan sido separados de la fuerza hasta\nahora, que hubo sentencia.<\/strong><\/p>\n\n\n\n<p>Un polic\u00eda absuelto y otro\ncondenado -aunque no ir\u00e1 a prisi\u00f3n- fue la sentencia que aplic\u00f3 la Justicia de\nSan Francisco este jueves a dos polic\u00edas juzgados por golpear a un detenido en\nArroyito, seg\u00fan lo informa <strong>La Voz de San\nJusto<\/strong>. <\/p>\n\n\n\n<p>Los oficiales llegaron en\nlibertad al juicio y nunca fueron separados de la fuerza durante el proceso.<\/p>\n\n\n\n<p>El tribunal compuesto por\nlos camaristas Guillermo Rabino, Mario Comes y Claudio Requena, por unanimidad,\ndecidi\u00f3 la absoluci\u00f3n de Agust\u00edn Marcelo Santiago Perelda del delito de\n&#8220;falsedad ideol\u00f3gica&#8221; y la condena a tres a\u00f1os de prisi\u00f3n de\nejecuci\u00f3n condicional a Carlos Marcos Silva al hallarlo culpable de los delitos\n&#8220;severidades ilegales calificadas en concurso ideal, coacci\u00f3n calificada y\nlesiones graves calificadas en concurso real&#8221;. Adem\u00e1s, fue inhabilitado\npor seis a\u00f1os para ser empleado policial. Afuera de la c\u00e1rcel, Silva deber\u00e1\nseguir normas de conducta impuestas por el tribunal, entre ellas no consumir\nbebidas alcoh\u00f3licas ni estupefacientes y someterse a un tratamiento m\u00e9dico y\npsicol\u00f3gico para tratar su problem\u00e1tica con la violencia.<\/p>\n\n\n\n<p>La lectura de los\nfundamentos de la sentencia ser\u00e1 el mi\u00e9rcoles 13 de marzo al mediod\u00eda.<\/p>\n\n\n\n<p><strong>El caso<\/strong><\/p>\n\n\n\n<p>Perelda y Silva revest\u00edan la\njerarqu\u00eda de sargento cuando en noviembre de 2006 fueron acusados de golpear a\nun detenido, Mauricio Reyes, alias &#8220;la lora&#8221;,&nbsp;en una celda de la\ncomisar\u00eda de Arroyito.<\/p>\n\n\n\n<p>A Silva se lo responsabiliz\u00f3\nde la golpiza sufrida por Reyes, en tanto que a Perelda se lo acusaba de haber\ncambiado una declaraci\u00f3n. En el caso del primero tambi\u00e9n se lo hab\u00eda acusado de\nviolencia en contra de su expareja quien radic\u00f3 la denuncia.<\/p>\n\n\n\n<p>La fiscal de c\u00e1mara Consuelo\nAliaga D\u00edaz, tras un contundente alegato, hab\u00eda solicitado para Perelda la pena\nde un a\u00f1o de prisi\u00f3n en suspenso, inhabilitaci\u00f3n por un lapso doble al de la\ncondena y trabajos comunitarios, mientras que para Silva hab\u00eda pedido tres a\u00f1os\nde cumplimiento condicional, el doble de inhabilitaci\u00f3n para el ejercicio como\npolic\u00eda y tareas comunitarias por cuatro a\u00f1os.<\/p>\n\n\n\n<p>A su turno, el defensor,\nNicol\u00e1s Abrile, solicit\u00f3 la absoluci\u00f3n de los imputados. Adem\u00e1s, adelant\u00f3 que\nuna vez le\u00eddos los fundamentos presentar\u00e1 un recurso de casaci\u00f3n ante el\nTribunal Superior de Justicia.\n\nFuente: La Voz de San\nJusto.\n\n\n\n<\/p>\n","protected":false},"excerpt":{"rendered":"<p>El hecho por el que fueron juzgados ocurri\u00f3 hace 12 a\u00f1os. Los oficiales llegaron en libertad al juicio y nunca&hellip;<\/p>\n","protected":false},"author":3,"featured_media":2516,"comment_status":"closed","ping_status":"open","sticky":false,"template":"","format":"standard","meta":{"footnotes":""},"categories":[824],"tags":[66,67,836,154,270,271,478,635,637,638,825,890],"class_list":["post-2515","post","type-post","status-publish","format-standard","has-post-thumbnail","hentry","category-policiales-online","tag-arroyito","tag-arroyito-cordoba","tag-arroyito-online","tag-carcel","tag-delito","tag-delitos","tag-justicia","tag-policia","tag-policiales","tag-policiales-arroyito","tag-policiales-online","tag-tribunales"],"_links":{"self":[{"href":"https:\/\/arroyitoonline.com.ar\/index.php?rest_route=\/wp\/v2\/posts\/2515","targetHints":{"allow":["GET"]}}],"collection":[{"href":"https:\/\/arroyitoonline.com.ar\/index.php?rest_route=\/wp\/v2\/posts"}],"about":[{"href":"https:\/\/arroyitoonline.com.ar\/index.php?rest_route=\/wp\/v2\/types\/post"}],"author":[{"embeddable":true,"href":"https:\/\/arroyitoonline.com.ar\/index.php?rest_route=\/wp\/v2\/users\/3"}],"replies":[{"embeddable":true,"href":"https:\/\/arroyitoonline.com.ar\/index.php?rest_route=%2Fwp%2Fv2%2Fcomments&post=2515"}],"version-history":[{"count":1,"href":"https:\/\/arroyitoonline.com.ar\/index.php?rest_route=\/wp\/v2\/posts\/2515\/revisions"}],"predecessor-version":[{"id":2517,"href":"https:\/\/arroyitoonline.com.ar\/index.php?rest_route=\/wp\/v2\/posts\/2515\/revisions\/2517"}],"wp:featuredmedia":[{"embeddable":true,"href":"https:\/\/arroyitoonline.com.ar\/index.php?rest_route=\/wp\/v2\/media\/2516"}],"wp:attachment":[{"href":"https:\/\/arroyitoonline.com.ar\/index.php?rest_route=%2Fwp%2Fv2%2Fmedia&parent=2515"}],"wp:term":[{"taxonomy":"category","embeddable":true,"href":"https:\/\/arroyitoonline.com.ar\/index.php?rest_route=%2Fwp%2Fv2%2Fcategories&post=2515"},{"taxonomy":"post_tag","embeddable":true,"href":"https:\/\/arroyitoonline.com.ar\/index.php?rest_route=%2Fwp%2Fv2%2Ftags&post=2515"}],"curies":[{"name":"wp","href":"https:\/\/api.w.org\/{rel}","templated":true}]}}