{"id":2521,"date":"2019-03-01T21:26:21","date_gmt":"2019-03-01T21:26:21","guid":{"rendered":"http:\/\/arroyitoonline.com.ar\/?p=2521"},"modified":"2019-03-02T00:25:22","modified_gmt":"2019-03-02T00:25:22","slug":"en-vivo-segui-la-inauguracion-de-sesiones-ordinarias","status":"publish","type":"post","link":"https:\/\/arroyitoonline.com.ar\/?p=2521","title":{"rendered":"EN VIVO: segu\u00ed la Inauguraci\u00f3n de Sesiones Ordinarias del Concejo Deliberante"},"content":{"rendered":"\n<p><strong>Mir\u00e1 y escuch\u00e1 los discursos y las entrevistas, en tiempo real, por Arroyito Online.<\/strong><\/p>\n\n\n\n<figure class=\"wp-block-embed-facebook wp-block-embed is-type-video is-provider-facebook\"><div class=\"wp-block-embed__wrapper\">\nhttps:\/\/www.facebook.com\/2352090848352136\/videos\/1631421373670638\/\n<\/div><\/figure>\n\n\n\n<p>Desde las 21:00 horas (con tolerancia) de este viernes te mostramos en tiempo real los discursos del intendente Mauricio Cravero y la viceintendente Graciela Tristany, en el marco de la Inauguraci\u00f3n del Per\u00edodo de Sesiones Ordinarias 2019 del Concejo Deliberante. Adem\u00e1s, transmitimos la asunci\u00f3n de la <a href=\"http:\/\/arroyitoonline.com.ar\/info-online\/politica\/la-grafologa-flaviana-francesse-es-la-nueva-secretaria-del-concejo-deliberante\/\">flamante secretaria<\/a> del cuerpo deliberativo, y hablamos con ella y los ediles. <\/p>\n\n\n\n<p>Ayer, luego de la presentaci\u00f3n oficial del nuevo Auditorio Coral, el jefe municipal hab\u00eda anticipado a Arroyito Online que, antes de hablar, exhibir\u00e1 un video de poco m\u00e1s de 10 minutos enumerando las obras realizadas a lo largo de sus siete a\u00f1os de gesti\u00f3n. <\/p>\n\n\n\n<p>Adem\u00e1s, respecto al discurso que pronunciar\u00e1, Cravero dijo que no superar\u00e1 los 25 minutos y ser\u00e1 sobre acciones que desarrollar\u00e1 en sus \u00faltimos meses como m\u00e1xima autoridad municipal. <\/p>\n","protected":false},"excerpt":{"rendered":"<p>Mir\u00e1 y escuch\u00e1 los discursos y las entrevistas, en tiempo real, por Arroyito Online. Desde las 21:00 horas (con tolerancia)&hellip;<\/p>\n","protected":false},"author":3,"featured_media":2526,"comment_status":"closed","ping_status":"open","sticky":false,"template":"","format":"standard","meta":{"footnotes":""},"categories":[6,829],"tags":[66,67,836,891,226,227,253,454,527,868,555,556,578,892],"class_list":["post-2521","post","type-post","status-publish","format-standard","has-post-thumbnail","hentry","category-interes-general","category-municipales-online","tag-arroyito","tag-arroyito-cordoba","tag-arroyito-online","tag-concejales","tag-concejo","tag-concejo-deliberante","tag-cravero","tag-intendente","tag-mauricio-cravero","tag-municipales-online","tag-municipalidad","tag-municipalidad-de-arroyito","tag-obras-publicas","tag-sesiones-ordinarias"],"_links":{"self":[{"href":"https:\/\/arroyitoonline.com.ar\/index.php?rest_route=\/wp\/v2\/posts\/2521","targetHints":{"allow":["GET"]}}],"collection":[{"href":"https:\/\/arroyitoonline.com.ar\/index.php?rest_route=\/wp\/v2\/posts"}],"about":[{"href":"https:\/\/arroyitoonline.com.ar\/index.php?rest_route=\/wp\/v2\/types\/post"}],"author":[{"embeddable":true,"href":"https:\/\/arroyitoonline.com.ar\/index.php?rest_route=\/wp\/v2\/users\/3"}],"replies":[{"embeddable":true,"href":"https:\/\/arroyitoonline.com.ar\/index.php?rest_route=%2Fwp%2Fv2%2Fcomments&post=2521"}],"version-history":[{"count":5,"href":"https:\/\/arroyitoonline.com.ar\/index.php?rest_route=\/wp\/v2\/posts\/2521\/revisions"}],"predecessor-version":[{"id":2546,"href":"https:\/\/arroyitoonline.com.ar\/index.php?rest_route=\/wp\/v2\/posts\/2521\/revisions\/2546"}],"wp:featuredmedia":[{"embeddable":true,"href":"https:\/\/arroyitoonline.com.ar\/index.php?rest_route=\/wp\/v2\/media\/2526"}],"wp:attachment":[{"href":"https:\/\/arroyitoonline.com.ar\/index.php?rest_route=%2Fwp%2Fv2%2Fmedia&parent=2521"}],"wp:term":[{"taxonomy":"category","embeddable":true,"href":"https:\/\/arroyitoonline.com.ar\/index.php?rest_route=%2Fwp%2Fv2%2Fcategories&post=2521"},{"taxonomy":"post_tag","embeddable":true,"href":"https:\/\/arroyitoonline.com.ar\/index.php?rest_route=%2Fwp%2Fv2%2Ftags&post=2521"}],"curies":[{"name":"wp","href":"https:\/\/api.w.org\/{rel}","templated":true}]}}