{"id":2551,"date":"2019-03-03T15:42:40","date_gmt":"2019-03-03T15:42:40","guid":{"rendered":"http:\/\/arroyitoonline.com.ar\/?p=2551"},"modified":"2019-03-03T15:42:41","modified_gmt":"2019-03-03T15:42:41","slug":"dia-naranja-el-consejo-de-la-mujer-organiza-un-nuevo-taller-de-prevencion-y-sensibilizacion","status":"publish","type":"post","link":"https:\/\/arroyitoonline.com.ar\/?p=2551","title":{"rendered":"D\u00eda Naranja: el Consejo de la Mujer organiza un nuevo taller de prevenci\u00f3n y sensibilizaci\u00f3n"},"content":{"rendered":"\n<p><em>&#8220;<\/em><strong><em>Romper el aislamiento. Redes contra la Violencia Familiar&#8221;<\/em> estar\u00e1 a cargo de la psic\u00f3loga Magal\u00ed Ledesma. <\/strong><\/p>\n\n\n\n<p>Este mi\u00e9rcoles 6 de marzo a las 19:30 horas, en el Punto Digital de la Casa de la Cultura, el Consejo Municipal de la Mujer desarrollar\u00e1 el taller\u00a0de prevenci\u00f3n y sensibilizaci\u00f3n &#8220;Romper el aislamiento. Redes contra la Violencia Familiar&#8221;, en el marco del D\u00eda Naranja. La actividad estar\u00e1 a cargo de la psic\u00f3loga Magal\u00ed Ledesma.<\/p>\n\n\n\n<figure class=\"wp-block-image\"><img loading=\"lazy\" decoding=\"async\" width=\"1024\" height=\"768\" src=\"http:\/\/arroyitoonline.com.ar\/wp-content\/uploads\/2019\/03\/ei-1-1024x768.jpg\" alt=\"\" class=\"wp-image-2552\" srcset=\"https:\/\/arroyitoonline.com.ar\/wp-content\/uploads\/2019\/03\/ei-1-1024x768.jpg 1024w, https:\/\/arroyitoonline.com.ar\/wp-content\/uploads\/2019\/03\/ei-1-300x225.jpg 300w, https:\/\/arroyitoonline.com.ar\/wp-content\/uploads\/2019\/03\/ei-1-768x576.jpg 768w, https:\/\/arroyitoonline.com.ar\/wp-content\/uploads\/2019\/03\/ei-1.jpg 1200w\" sizes=\"auto, (max-width: 1024px) 100vw, 1024px\" \/><\/figure>\n\n\n\n<p>Cabe destacar que el taller\npretende que se oriente y den herramientas para la contenci\u00f3n a quien sufre una\nproblem\u00e1tica de violencia y, a partir de ah\u00ed, se accione de manera responsable\npara que la v\u00edctima se fortalezca y pueda desapegarse de esa lamentable\nsituaci\u00f3n.<\/p>\n\n\n\n<p>Adem\u00e1s, la entrada ser\u00e1 libre y\ngratuita.<\/p>\n\n\n\n<p>Fuente: Prensa Municipal.<\/p>\n","protected":false},"excerpt":{"rendered":"<p>&#8220;Romper el aislamiento. Redes contra la Violencia Familiar&#8221; estar\u00e1 a cargo de la psic\u00f3loga Magal\u00ed Ledesma. Este mi\u00e9rcoles 6 de&hellip;<\/p>\n","protected":false},"author":3,"featured_media":2553,"comment_status":"closed","ping_status":"open","sticky":false,"template":"","format":"standard","meta":{"footnotes":""},"categories":[877],"tags":[66,67,836,232,550,551,868,555,556,878,808,809,810],"class_list":["post-2551","post","type-post","status-publish","format-standard","has-post-thumbnail","hentry","category-noti-mujer-online","tag-arroyito","tag-arroyito-cordoba","tag-arroyito-online","tag-consejo-de-la-mujer","tag-mujeres","tag-mujeres-arroyito","tag-municipales-online","tag-municipalidad","tag-municipalidad-de-arroyito","tag-noti-mujer-online","tag-violencia","tag-violencia-de-genero","tag-violencia-familiar"],"_links":{"self":[{"href":"https:\/\/arroyitoonline.com.ar\/index.php?rest_route=\/wp\/v2\/posts\/2551","targetHints":{"allow":["GET"]}}],"collection":[{"href":"https:\/\/arroyitoonline.com.ar\/index.php?rest_route=\/wp\/v2\/posts"}],"about":[{"href":"https:\/\/arroyitoonline.com.ar\/index.php?rest_route=\/wp\/v2\/types\/post"}],"author":[{"embeddable":true,"href":"https:\/\/arroyitoonline.com.ar\/index.php?rest_route=\/wp\/v2\/users\/3"}],"replies":[{"embeddable":true,"href":"https:\/\/arroyitoonline.com.ar\/index.php?rest_route=%2Fwp%2Fv2%2Fcomments&post=2551"}],"version-history":[{"count":1,"href":"https:\/\/arroyitoonline.com.ar\/index.php?rest_route=\/wp\/v2\/posts\/2551\/revisions"}],"predecessor-version":[{"id":2554,"href":"https:\/\/arroyitoonline.com.ar\/index.php?rest_route=\/wp\/v2\/posts\/2551\/revisions\/2554"}],"wp:featuredmedia":[{"embeddable":true,"href":"https:\/\/arroyitoonline.com.ar\/index.php?rest_route=\/wp\/v2\/media\/2553"}],"wp:attachment":[{"href":"https:\/\/arroyitoonline.com.ar\/index.php?rest_route=%2Fwp%2Fv2%2Fmedia&parent=2551"}],"wp:term":[{"taxonomy":"category","embeddable":true,"href":"https:\/\/arroyitoonline.com.ar\/index.php?rest_route=%2Fwp%2Fv2%2Fcategories&post=2551"},{"taxonomy":"post_tag","embeddable":true,"href":"https:\/\/arroyitoonline.com.ar\/index.php?rest_route=%2Fwp%2Fv2%2Ftags&post=2551"}],"curies":[{"name":"wp","href":"https:\/\/api.w.org\/{rel}","templated":true}]}}